{"id":215014,"date":"2014-01-08T12:40:33","date_gmt":"2014-01-08T09:40:33","guid":{"rendered":"https:\/\/analyse.optim.biz\/?p=215014"},"modified":"2014-01-08T12:40:33","modified_gmt":"2014-01-08T09:40:33","slug":"c-t-popescu-dupa-declaratia-lui-ion-iliescu-cred-ca-ponta-ar-trebui-sa-mediteze-ca-premier-nu-avea-voie-sa-discute-hotararea-instantei","status":"publish","type":"post","link":"https:\/\/analyse.optim.biz\/?p=215014","title":{"rendered":"C. T. Popescu, dup\u0103 declara\u0163ia lui Ion Iliescu: Cred c\u0103 Ponta ar trebui s\u0103 mediteze. Ca premier nu avea voie s\u0103 discute hot\u0103r\u00e2rea instan\u0163ei\u00a0"},"content":{"rendered":"<div class=\"entry data-app-meta data-app-meta-article\" data-embed-base-url-canonical=\"https:\/\/www.digi24.ro\/embed\/stiri\/actualitate\/politica\/c-t-popescu-dupa-declaratia-lui-ion-iliescu-cred-ca-ponta-ar-trebui-sa-mediteze-ca-premier-nu-avea-voie-sa-discute-hotararea-instantei-180773\">\n<p data-index=\"1\">\u201eDac\u0103 <strong><a href=\"https:\/\/www.digi24.ro\/Stiri\/Digi24\/Actualitate\/Justitie\/Ion+Iliescu+Este+agasant+modul+in+care+a+fost+executat+Nastase\" target=\"_blank\" data-skip-linkfix=\"1\" rel=\"noopener\">Iliescu spune<\/a><\/strong> acum c\u0103 nu este vorba despre o influen\u0163\u0103 a lui Traian B\u0103sescu asupra \u00cenaltei Cur\u0163i de Casa\u0163ie \u015fi Justi\u0163ie, ci despre starea general\u0103 a justi\u0163iei din Rom\u00e2niei, putem discuta c\u0103 \u00eel contrazice pe Ponta.<\/p>\n<p data-index=\"2\">Are mai pu\u0163in\u0103 importan\u0163\u0103 ce spun membrii PSD, ei pot s\u0103 aib\u0103 astfel de pozi\u0163ii, \u00een leg\u0103tur\u0103 cu o hot\u0103r\u00e2re a justi\u0163iei. \u00cen ce-l prive\u015fte \u00eens\u0103 pe Victor Ponta ca premier, nu avea dreptul s\u0103 califice \u00een niciun fel, s\u0103 discute hot\u0103r\u00e2rea \u00cenaltei Cur\u0163i. Este un gest de iresponsabilitate compromi\u0163\u00e2nd func\u0163ia de prim &#8211; ministru \u00een ochii tuturor \u0163\u0103rilor democratice, s\u0103 invalideze decizia ICCJ\u201d, a declarat jurnalistul Cristian Tudor Popescu la Digi24.<\/p>\n<p data-index=\"3\">Potrivit acestuia, Victor Ponta a f\u0103cut \u00een ultimele luni, din punct de vedere politic, \u201egre\u015feal\u0103 dup\u0103 gre\u015feal\u0103\u201d.<\/p>\n<p data-index=\"4\">\u201eEl (Victor Ponta \u2013 n.r.) este de \u015fcoal\u0103 nou\u0103 \u00een PSD \u015fi cu u\u015furin\u0163\u0103 absolut condamnabil\u0103 \u00een\u0163elege s\u0103 recurg\u0103 la astfel de mijloace care fac r\u0103u Rom\u00e2niei. Ar trebui ca Ponta s\u0103 mediteze. C\u00e2nd \u00ee\u0163i spune Ion Iliescu c\u0103 ce ai f\u0103cut nu e \u00een regul\u0103, cred c\u0103 Ponta ar trebui s\u0103 cad\u0103 pe g\u00e2nduri. Ponta a comis \u00een ultimele luni gre\u015feal\u0103 dup\u0103 gre\u015feal\u0103 din punct de vedere politic\u201d, a spus Cristian Tudor Popescu.<\/p>\n<\/div>\n<p> Source URL: https:\/\/www.digi24.ro\/stiri\/actualitate\/politica\/c-t-popescu-dupa-declaratia-lui-ion-iliescu-cred-ca-ponta-ar-trebui-sa-mediteze-ca-premier-nu-avea-voie-sa-discute-hotararea-instantei-180773<\/p>\n","protected":false},"excerpt":{"rendered":"<p>\u201eDac\u0103 Iliescu spune acum c\u0103 nu este vorba despre o influen\u0163\u0103 a lui Traian B\u0103sescu asupra \u00cenaltei Cur\u0163i de Casa\u0163ie \u015fi Justi\u0163ie, ci despre starea general\u0103 a justi\u0163iei din Rom\u00e2niei, putem discuta c\u0103 \u00eel contrazice pe Ponta. Are mai pu\u0163in\u0103 importan\u0163\u0103 ce spun membrii PSD, ei pot s\u0103 aib\u0103 astfel de pozi\u0163ii, \u00een leg\u0103tur\u0103 cu [&hellip;]<\/p>\n","protected":false},"author":1,"featured_media":215015,"comment_status":"open","ping_status":"","sticky":false,"template":"","format":"standard","meta":{"footnotes":""},"categories":[2],"tags":[11],"class_list":["post-215014","post","type-post","status-publish","format-standard","has-post-thumbnail","hentry","category-politics","tag-digi24"],"_links":{"self":[{"href":"https:\/\/analyse.optim.biz\/index.php?rest_route=\/wp\/v2\/posts\/215014","targetHints":{"allow":["GET"]}}],"collection":[{"href":"https:\/\/analyse.optim.biz\/index.php?rest_route=\/wp\/v2\/posts"}],"about":[{"href":"https:\/\/analyse.optim.biz\/index.php?rest_route=\/wp\/v2\/types\/post"}],"author":[{"embeddable":true,"href":"https:\/\/analyse.optim.biz\/index.php?rest_route=\/wp\/v2\/users\/1"}],"replies":[{"embeddable":true,"href":"https:\/\/analyse.optim.biz\/index.php?rest_route=%2Fwp%2Fv2%2Fcomments&post=215014"}],"version-history":[{"count":0,"href":"https:\/\/analyse.optim.biz\/index.php?rest_route=\/wp\/v2\/posts\/215014\/revisions"}],"wp:featuredmedia":[{"embeddable":true,"href":"https:\/\/analyse.optim.biz\/index.php?rest_route=\/wp\/v2\/media\/215015"}],"wp:attachment":[{"href":"https:\/\/analyse.optim.biz\/index.php?rest_route=%2Fwp%2Fv2%2Fmedia&parent=215014"}],"wp:term":[{"taxonomy":"category","embeddable":true,"href":"https:\/\/analyse.optim.biz\/index.php?rest_route=%2Fwp%2Fv2%2Fcategories&post=215014"},{"taxonomy":"post_tag","embeddable":true,"href":"https:\/\/analyse.optim.biz\/index.php?rest_route=%2Fwp%2Fv2%2Ftags&post=215014"}],"curies":[{"name":"wp","href":"https:\/\/api.w.org\/{rel}","templated":true}]}}