{"id":215011,"date":"2014-01-08T16:07:36","date_gmt":"2014-01-08T13:07:36","guid":{"rendered":"https:\/\/analyse.optim.biz\/?p=215011"},"modified":"2014-01-08T16:07:36","modified_gmt":"2014-01-08T13:07:36","slug":"comisia-calarasi-si-a-ales-conducerea-si-programul-de-lucru-pentru-perioada-urmatoare","status":"publish","type":"post","link":"https:\/\/analyse.optim.biz\/?p=215011","title":{"rendered":"Comisia C\u0103l\u0103ra\u015fi \u015fi-a ales conducerea \u015fi programul de lucru pentru perioada urm\u0103toare"},"content":{"rendered":"<div class=\"entry data-app-meta data-app-meta-article\" data-embed-base-url-canonical=\"https:\/\/www.digi24.ro\/embed\/stiri\/actualitate\/politica\/comisia-calarasi-si-a-ales-conducerea-si-programul-de-lucru-pentru-perioada-urmatoare-180962\">\n<p data-index=\"1\"><img decoding=\"async\" src=\"https:\/\/analyse.optim.biz\/wp-content\/uploads\/2024\/09\/mjiyowe0zda4otkwzjkwmtbmotu5mjg1yzg-thumb_.jpg\" data-skip-htmlfix=\"1\" title=\"mjiyowe0zda4otkwzjkwmtbmotu5mjg1yzg-thumb_\"><\/p>\n<p data-index=\"2\">Membrii comisiei au votat, \u00een prima \u015fedin\u0163\u0103 din 2014, pe deputatul PNL Ioan Cup\u015fa pentru func\u0163ia de vicepre\u015fedinte \u015fi pe deputatul PC Vicen\u0163iu Irimia ca secretar.<\/p>\n<p data-index=\"3\">Cei doi au fost vota\u0163i cu unanimite de voturi \u00een cadrul comisiei.<\/p>\n<p data-index=\"4\">Membrii comisiei au votat, tot cu unanimitate, \u015fi Regulamentul de func\u0163ionare a comisiei, care va fi trimis, pentru un nou vot, \u00een Birourile Permanente ale celor dou\u0103 Camere.<\/p>\n<p data-index=\"5\">Pre\u015fedintele comisiei parlamentare de anchet\u0103, Eugen Nicolicea, a propus \u015fi programul de lucru al comisiei, \u00eencep\u00e2nd de lunea viitoare. Astfel, membrii comisiei urmeaz\u0103 s\u0103 se \u00eent\u00e2lneasc\u0103 \u00een \u015fedin\u0163e de lucru de luni p\u00e2n\u0103 joi, p\u00e2n\u0103 la finalizarea anchetei parlamentare.<\/p>\n<p data-index=\"6\">Comisia discut\u0103 la ora transmiterii acestei \u015ftiri programul audierilor \u015fi persoanele care urmeaz\u0103 s\u0103 fie invitate la comisie, pe tema terenurilor din zona comunei Nana.<\/p>\n<p data-index=\"7\">Comisia parlamentare de anchet\u0103 pentru verificarea legalit\u0103\u0163ii achizi\u0163iei terenurilor din zona comunei Nana, jude\u0163ul C\u0103l\u0103ra\u015fi, a avut prima \u015fedin\u0163\u0103 de lucru \u00een 17 decembrie, c\u00e2nd a fost ales pre\u015fedintele acestei comisii, deputatul Eugen Nicolicea.<\/p>\n<p data-index=\"8\">\u00cen urma anun\u0163ului PDL c\u0103 nu va participa la \u015fedin\u0163ele Comisiei de anchet\u0103, membrii acesteia au stabilit s\u0103 a\u015ftepte o nominalizare din partea democrat-liberalilor pentru func\u0163ia de vicepre\u015fedinte al comisiei. \u201eDac\u0103 p\u00e2n\u0103 data viitoare, PDL nu va ocupa aceast\u0103 func\u0163ie de vicepre\u015fedinte, ea va fi repartizat\u0103 altor grupuri din cadrul comisiei\u201d, spunea Nicolicea, \u00een decembrie.<\/p>\n<p data-index=\"9\">Comisia de anchet\u0103 a celor dou\u0103 Camere se nume\u015fte \u201eComisia parlamentar\u0103 de anchet\u0103 pentru verificarea legalit\u0103\u0163ii achizi\u0163iei terenurilor din zona comunei Nana, jude\u0163ul C\u0103l\u0103ra\u015fi\u201d, potrivit draftului de Regulament.<\/p>\n<p data-index=\"10\">Comisia este alc\u0103tuit\u0103 din 13 deputa\u0163i \u015fi senatori PSD, PNL, PC, PPDD \u015fi UDMR, astfel: de la PSD &#8211; Gabriela Firea, Eugen Nicolicea, Ioan Adam, Nicolae \u015eerban, Mihai Vifor, Adrian Solomon, de la PNL &#8211; Mircea Dobra, Iulian Dumitrescu, Costel Alexe, Ioan Cup\u015fa, de la PC &#8211; Vicen\u0163iu Mircea Irimie, de la UDMR- Tanczos Barna, de la PPDD &#8211; Teiu Paunescu.<\/p>\n<p data-index=\"11\">Obiectivele comisiei de anchet\u0103 sunt verificarea trasabilit\u0103\u0163ii terenurilor \u00eenstr\u0103inate \u00een perioada 1990 \u2013 2013, pe raza comunei Nana, verificarea situa\u0163iei subven\u0163iilor \u00eencasate de la Agen\u0163ia de Pl\u0103\u0163i \u015fi Interven\u0163ie \u00een Agricultur\u0103, \u00een perioada verificat\u0103, \u00een zona supus\u0103 anchetei, verificarea statutului juridic \u015fi a raporturilor de proprietate asupra terenurilor din zona Nana, verificarea structurii de culturi a exploata\u0163iilor agricole \u015fi verificarea legalit\u0103\u0163ii tranzac\u0163iilor cu terenuri din zona Nana, \u00een perioada 1990-2013.<\/p>\n<\/div>\n<p> Source URL: https:\/\/www.digi24.ro\/stiri\/actualitate\/politica\/comisia-calarasi-si-a-ales-conducerea-si-programul-de-lucru-pentru-perioada-urmatoare-180962<\/p>\n","protected":false},"excerpt":{"rendered":"<p>Membrii comisiei au votat, \u00een prima \u015fedin\u0163\u0103 din 2014, pe deputatul PNL Ioan Cup\u015fa pentru func\u0163ia de vicepre\u015fedinte \u015fi pe deputatul PC Vicen\u0163iu Irimia ca secretar. Cei doi au fost vota\u0163i cu unanimite de voturi \u00een cadrul comisiei. Membrii comisiei au votat, tot cu unanimitate, \u015fi Regulamentul de func\u0163ionare a comisiei, care va fi trimis, [&hellip;]<\/p>\n","protected":false},"author":1,"featured_media":215012,"comment_status":"open","ping_status":"","sticky":false,"template":"","format":"standard","meta":{"footnotes":""},"categories":[2],"tags":[11],"class_list":["post-215011","post","type-post","status-publish","format-standard","has-post-thumbnail","hentry","category-politics","tag-digi24"],"_links":{"self":[{"href":"https:\/\/analyse.optim.biz\/index.php?rest_route=\/wp\/v2\/posts\/215011","targetHints":{"allow":["GET"]}}],"collection":[{"href":"https:\/\/analyse.optim.biz\/index.php?rest_route=\/wp\/v2\/posts"}],"about":[{"href":"https:\/\/analyse.optim.biz\/index.php?rest_route=\/wp\/v2\/types\/post"}],"author":[{"embeddable":true,"href":"https:\/\/analyse.optim.biz\/index.php?rest_route=\/wp\/v2\/users\/1"}],"replies":[{"embeddable":true,"href":"https:\/\/analyse.optim.biz\/index.php?rest_route=%2Fwp%2Fv2%2Fcomments&post=215011"}],"version-history":[{"count":0,"href":"https:\/\/analyse.optim.biz\/index.php?rest_route=\/wp\/v2\/posts\/215011\/revisions"}],"wp:featuredmedia":[{"embeddable":true,"href":"https:\/\/analyse.optim.biz\/index.php?rest_route=\/wp\/v2\/media\/215012"}],"wp:attachment":[{"href":"https:\/\/analyse.optim.biz\/index.php?rest_route=%2Fwp%2Fv2%2Fmedia&parent=215011"}],"wp:term":[{"taxonomy":"category","embeddable":true,"href":"https:\/\/analyse.optim.biz\/index.php?rest_route=%2Fwp%2Fv2%2Fcategories&post=215011"},{"taxonomy":"post_tag","embeddable":true,"href":"https:\/\/analyse.optim.biz\/index.php?rest_route=%2Fwp%2Fv2%2Ftags&post=215011"}],"curies":[{"name":"wp","href":"https:\/\/api.w.org\/{rel}","templated":true}]}}