{"id":214799,"date":"2014-01-12T19:39:45","date_gmt":"2014-01-12T16:39:45","guid":{"rendered":"https:\/\/analyse.optim.biz\/?p=214799"},"modified":"2014-01-12T19:39:45","modified_gmt":"2014-01-12T16:39:45","slug":"sedinta-informala-pentru-tactica-pe-2014-liderii-usl-trebuie-sa-decida-soarta-descentralizarii-dupa-decizia-ccr","status":"publish","type":"post","link":"https:\/\/analyse.optim.biz\/?p=214799","title":{"rendered":"\u0218edin\u021b\u0103 informal\u0103 pentru tactica pe 2014. Liderii USL trebuie s\u0103 decid\u0103 soarta descentraliz\u0103rii dup\u0103 decizia CCR"},"content":{"rendered":"<div class=\"entry data-app-meta data-app-meta-article\" data-embed-base-url-canonical=\"https:\/\/www.digi24.ro\/embed\/stiri\/actualitate\/politica\/sedinta-informala-pentru-tactica-pe-2014-liderii-usl-trebuie-sa-decida-soarta-descentralizarii-dupa-decizia-ccr-182954\">\n<p data-index=\"1\"><strong>Actualizare 21.35.<\/strong> Pre\u0219edintele PNL, Crin Antonescu, a declarat c\u0103 o \u0219edin\u021b\u0103 oficial\u0103 a USL va avea loc luni, \u00eencep\u00e2nd de la ora 11.00, dup\u0103 care jurnali\u0219tii vor fi invita\u021bi la o conferin\u021b\u0103 de pres\u0103 pentru a afla detalii despre deciziile luate.<\/p>\n<p data-index=\"2\">Surse politice anun\u0163\u0103 o \u00eent\u00e2lnire informal\u0103 chiar \u00een aceast\u0103 sear\u0103.<\/p>\n<p data-index=\"3\">Potrivit surselor citate, la aceast\u0103 \u00eent\u00e2lnire informal\u0103 particip\u0103 premierul Victor Ponta, liderul PNL, Crin Antonescu, dar \u0219i mini\u0219trii Daniel Chi\u021boiu, Daniel Constantin, Liviu Dragnea \u0219i Gabriel Oprea.\u00a0<\/p>\n<p data-index=\"4\">Printre subiectele fierbi\u021bi aflate pe agenda \u0219edin\u021bei este \u0219i cel al descentraliz\u0103rii. Liderii USL trebuie s\u0103 decid\u0103 dac\u0103 vor continua acest proiect,<a href=\"https:\/\/www.digi24.ro\/Stiri\/Digi24\/Actualitate\/Politica\/Descentralizarea+este+repusa+pe+tapet+in+USL\" target=\"_blank\" data-skip-linkfix=\"1\" rel=\"noopener\"><strong> declarat neconstitu\u021bional.<\/strong><\/a><\/p>\n<p data-index=\"5\">De asemenea, liderii USL trebuie s\u0103 decid\u0103 ce vor face cu listele pentru alegerile europarlamentare. \u00cen PNL sunt voci care sus\u021bin ideea listelor comune cu social-democra\u021bii.\u00a0<\/p>\n<p data-index=\"6\">Pre\u015fedintele PNL, Crin Antonescu, a declarat, joi, c\u0103, \u00een opinia sa, liberalii ar trebui s\u0103 aib\u0103 \u201ematuritatea\u201d de a participa pe liste proprii la <a href=\"https:\/\/www.digi24.ro\/Stiri\/Digi24\/Actualitate\/Politica\/Crin+Antonescu+PNL+ar+trebui+sa+aiba+maturitatea+de+a+participa+\" target=\"_blank\" data-skip-linkfix=\"1\" rel=\"noopener\"><strong>alegerile europarlamentare din acest an.\u00a0<\/strong><\/a><\/p>\n<p data-index=\"7\"><strong><br \/><\/strong><\/p>\n<\/div>\n<p> Source URL: https:\/\/www.digi24.ro\/stiri\/actualitate\/politica\/sedinta-informala-pentru-tactica-pe-2014-liderii-usl-trebuie-sa-decida-soarta-descentralizarii-dupa-decizia-ccr-182954<\/p>\n","protected":false},"excerpt":{"rendered":"<p>Actualizare 21.35. Pre\u0219edintele PNL, Crin Antonescu, a declarat c\u0103 o \u0219edin\u021b\u0103 oficial\u0103 a USL va avea loc luni, \u00eencep\u00e2nd de la ora 11.00, dup\u0103 care jurnali\u0219tii vor fi invita\u021bi la o conferin\u021b\u0103 de pres\u0103 pentru a afla detalii despre deciziile luate. Surse politice anun\u0163\u0103 o \u00eent\u00e2lnire informal\u0103 chiar \u00een aceast\u0103 sear\u0103. Potrivit surselor citate, la [&hellip;]<\/p>\n","protected":false},"author":1,"featured_media":214800,"comment_status":"open","ping_status":"","sticky":false,"template":"","format":"standard","meta":{"footnotes":""},"categories":[2],"tags":[11],"class_list":["post-214799","post","type-post","status-publish","format-standard","has-post-thumbnail","hentry","category-politics","tag-digi24"],"_links":{"self":[{"href":"https:\/\/analyse.optim.biz\/index.php?rest_route=\/wp\/v2\/posts\/214799","targetHints":{"allow":["GET"]}}],"collection":[{"href":"https:\/\/analyse.optim.biz\/index.php?rest_route=\/wp\/v2\/posts"}],"about":[{"href":"https:\/\/analyse.optim.biz\/index.php?rest_route=\/wp\/v2\/types\/post"}],"author":[{"embeddable":true,"href":"https:\/\/analyse.optim.biz\/index.php?rest_route=\/wp\/v2\/users\/1"}],"replies":[{"embeddable":true,"href":"https:\/\/analyse.optim.biz\/index.php?rest_route=%2Fwp%2Fv2%2Fcomments&post=214799"}],"version-history":[{"count":0,"href":"https:\/\/analyse.optim.biz\/index.php?rest_route=\/wp\/v2\/posts\/214799\/revisions"}],"wp:featuredmedia":[{"embeddable":true,"href":"https:\/\/analyse.optim.biz\/index.php?rest_route=\/wp\/v2\/media\/214800"}],"wp:attachment":[{"href":"https:\/\/analyse.optim.biz\/index.php?rest_route=%2Fwp%2Fv2%2Fmedia&parent=214799"}],"wp:term":[{"taxonomy":"category","embeddable":true,"href":"https:\/\/analyse.optim.biz\/index.php?rest_route=%2Fwp%2Fv2%2Fcategories&post=214799"},{"taxonomy":"post_tag","embeddable":true,"href":"https:\/\/analyse.optim.biz\/index.php?rest_route=%2Fwp%2Fv2%2Ftags&post=214799"}],"curies":[{"name":"wp","href":"https:\/\/api.w.org\/{rel}","templated":true}]}}