{"id":214779,"date":"2014-01-12T20:30:01","date_gmt":"2014-01-12T17:30:01","guid":{"rendered":"https:\/\/analyse.optim.biz\/?p=214779"},"modified":"2014-01-12T20:30:01","modified_gmt":"2014-01-12T17:30:01","slug":"cristian-diaconescu-utilizarea-vizitei-victoriei-nuland-in-favoarea-sau-defavoarea-unora-este-ridicola","status":"publish","type":"post","link":"https:\/\/analyse.optim.biz\/?p=214779","title":{"rendered":"Cristian Diaconescu: Utilizarea vizitei Victoriei Nuland \u00een favoarea sau defavoarea unora este ridicol\u0103"},"content":{"rendered":"<div class=\"entry data-app-meta data-app-meta-article\" data-embed-base-url-canonical=\"https:\/\/www.digi24.ro\/embed\/stiri\/actualitate\/politica\/cristian-diaconescu-utilizarea-vizitei-victoriei-nuland-in-favoarea-sau-defavoarea-unora-este-ridicola-182961\">\n<p data-index=\"1\"><img decoding=\"async\" src=\"https:\/\/analyse.optim.biz\/wp-content\/uploads\/2024\/09\/zyz3ptgwmczoyxnoptriodhlntjjnjdhmzu0njgyytcxztc2mwi5yjdlmgm5-thumb_.jpg\" data-skip-htmlfix=\"1\" title=\"zyz3ptgwmczoyxnoptriodhlntjjnjdhmzu0njgyytcxztc2mwi5yjdlmgm5-thumb_\"><\/p>\n<p data-index=\"2\"><strong>(Foto: U.S. Embassy)<\/strong><\/p>\n<p data-index=\"3\">Aceast\u0103 vizit\u0103 trebuie \u201es\u0103 fie \u00een\u0163eleas\u0103 \u00een cheia sprijinului real pe care il primim, iat\u0103, sus\u0163inut din partea SUA, pentru consolidarea statului de drept, pentru un traseu democratic sigur al Romaniei \u00een spa\u0163iul european \u015fi euro-atlantic\u201d, explic\u0103 Diaconescu.<\/p>\n<p data-index=\"4\">Diaconescu spune c\u0103 \u201eAdministra\u0163ia american\u0103 a constatat derapaje ale puterii politice, agresiuni ale puterii la adresa statului de drept \u015fi ingerin\u0163e si presiuni \u00een treburile \u015fi independen\u0163a justi\u0163iei \u015fi, \u00een mod natural, a luat decizia de a trimite un \u00eenalt oficial pentru a prospecta aceast\u0103 situa\u0163ie anormal\u0103 din Rom\u00e2nia\u201d.<\/p>\n<p data-index=\"5\">Consilierul preziden\u0163ial apreciaz\u0103 c\u0103 maniera \u00een care Victoria Nuland \u015fi-a transmis mesajele este \u201euna deosebit de constructiv\u0103, necontondent\u0103\u201d.<\/p>\n<p data-index=\"6\">Referindu-se la absen\u0163a premierului Ponta din peisajul vizitei, Diaconescu a comentat: <strong>\u201eEste strict problema domnului Victor Ponta cum anume \u00ee\u015fi gestioneaz\u0103 rela\u0163iile cu partenerii externi, at\u00e2ta vreme c\u00e2t aceste rela\u0163ii nu afecteaz\u0103 credibilitatea Rom\u00e2niei \u015fi at\u00e2t timp c\u00e2t pentru gesturile grosolane nu trebuie s\u0103 pl\u0103teasca Rom\u00e2nia \u015fi poporul rom\u00e2n\u201d<\/strong>.<\/p>\n<p data-index=\"7\">\u201eCine a avut ceva de \u00een\u0163eles din aceste mesaje (n.r.- ale Victoriei Nuland), cu certitudine a \u00een\u0163eles. Cine nu, nu spera\u0163i ca nu va \u00een\u0163elege niciodat\u0103! Speran\u0163a mea este c\u0103 de data aceasta, \u00een Rom\u00e2nia numarul celor care au \u00een\u0163eles corect mesajul american s\u0103 fie substan\u0163ial mai mare dec\u00e2t al celor din afar\u0103, astfel \u00eenc\u00e2t s\u0103 putem crede c\u0103 viitorul ne poate aduce \u201enormalitatea\u201d \u00een modul \u00een care aceasta este descris\u0103 \u00een lumea liber\u0103, o lume c\u0103reia pretindem c\u0103 \u00eei apar\u0163inem, \u015fi nu izolarea drept consecin\u0163\u0103 a cultiv\u0103rii unor concepte materialist-dialectice de tipul democra\u0163iei originale\u201d, a mai comentat consilierul preziden\u0163ial Cristian Diaconescu.<\/p>\n<h5>Care a fost scopul vizitei<\/h5>\n<p data-index=\"8\">Vizita diplomatului american a avut loc \u00een contextul decla\u0163iilor care au \u00eengrijorat administra\u0163ia SUA privind independen\u0163a justi\u0163iei \u015fi statul de drept din Rom\u00e2nia.<\/p>\n<p data-index=\"9\"><strong>\u201eEste ingrijor\u0103tor c\u00e2nd\u00a0<a href=\"https:\/\/www.digi24.ro\/Stiri\/Digi24\/Actualitate\/Stiri\/Victoria+Nuland+a+doua+zi+in+Romania+Oficialul+american+se+intal\" target=\"_blank\" data-skip-linkfix=\"1\" rel=\"noopener\">exist\u0103 atacuri la adresa independen\u0163ei sistemului judiciar<\/a>, este \u00eengrijor\u0103tor c\u00e2nd politicieni din orice partid aleg s\u0103 intre \u00een dispute pe marginea deciziilor Justi\u0163iei\u201d<\/strong>, a declarat Victoria Nuland, \u00een cadrul unei \u00eent\u00e2lniri cu jurnali\u0219ti rom\u00e2ni.<\/p>\n<p data-index=\"10\">Oficialul american a ad\u0103ugat c\u0103 a fost un \u201eaccident\u201d faptul c\u0103 a sosit \u00een Rom\u00e2nia \u00eentr-un moment \u00een care premierul Victor Ponta avea alt program.<\/p>\n<p data-index=\"11\"><a href=\"https:\/\/www.digi24.ro\/Stiri\/Digi24\/Actualitate\/Stiri\/Presedintele+Basescu+se+intalneste+cu+Victoria+Nuland+in+aceasta\" target=\"_blank\" data-skip-linkfix=\"1\" rel=\"noopener\">Pre\u015fedintele Traian B\u0103sescu<\/a>\u00a0s-a \u00eent\u00e2lnit, vineri seara, cu adjunctul secretarului de stat american, Victoria Nuland, aflat \u00eentr-o vizit\u0103 de dou\u0103 zile \u00een Rom\u00e2nia.<\/p>\n<p data-index=\"12\">Cu toate c\u0103 \u00eentrevederea a fost anun\u0163at\u0103 oficial, jurnali\u015ftii nu au putut asista la discu\u0163ii. Imagini de la \u00eent\u00e2lnirea de aproximativ o or\u0103 au fost date publicit\u0103\u0163ii ulterior de Administra\u0163ia Preziden\u0163ial\u0103.<\/p>\n<p data-index=\"13\">Prezen\u021bi la \u00eent\u00e2lnire au fost \u0219i ata\u0219atul cu afaceri al ambasadei SUA, Duane Butcher, \u0219i consilierul preziden\u021bial Cristian Diaconescu.<\/p>\n<p data-index=\"14\">Tema principala a vizitei oficialului american \u00een Rom\u00e2nia a fost consolidarea statului de drept.\u00a0<\/p>\n<\/div>\n<p> Source URL: https:\/\/www.digi24.ro\/stiri\/actualitate\/politica\/cristian-diaconescu-utilizarea-vizitei-victoriei-nuland-in-favoarea-sau-defavoarea-unora-este-ridicola-182961<\/p>\n","protected":false},"excerpt":{"rendered":"<p>(Foto: U.S. Embassy) Aceast\u0103 vizit\u0103 trebuie \u201es\u0103 fie \u00een\u0163eleas\u0103 \u00een cheia sprijinului real pe care il primim, iat\u0103, sus\u0163inut din partea SUA, pentru consolidarea statului de drept, pentru un traseu democratic sigur al Romaniei \u00een spa\u0163iul european \u015fi euro-atlantic\u201d, explic\u0103 Diaconescu. Diaconescu spune c\u0103 \u201eAdministra\u0163ia american\u0103 a constatat derapaje ale puterii politice, agresiuni ale puterii [&hellip;]<\/p>\n","protected":false},"author":1,"featured_media":214780,"comment_status":"open","ping_status":"","sticky":false,"template":"","format":"standard","meta":{"footnotes":""},"categories":[2],"tags":[11],"class_list":["post-214779","post","type-post","status-publish","format-standard","has-post-thumbnail","hentry","category-politics","tag-digi24"],"_links":{"self":[{"href":"https:\/\/analyse.optim.biz\/index.php?rest_route=\/wp\/v2\/posts\/214779","targetHints":{"allow":["GET"]}}],"collection":[{"href":"https:\/\/analyse.optim.biz\/index.php?rest_route=\/wp\/v2\/posts"}],"about":[{"href":"https:\/\/analyse.optim.biz\/index.php?rest_route=\/wp\/v2\/types\/post"}],"author":[{"embeddable":true,"href":"https:\/\/analyse.optim.biz\/index.php?rest_route=\/wp\/v2\/users\/1"}],"replies":[{"embeddable":true,"href":"https:\/\/analyse.optim.biz\/index.php?rest_route=%2Fwp%2Fv2%2Fcomments&post=214779"}],"version-history":[{"count":0,"href":"https:\/\/analyse.optim.biz\/index.php?rest_route=\/wp\/v2\/posts\/214779\/revisions"}],"wp:featuredmedia":[{"embeddable":true,"href":"https:\/\/analyse.optim.biz\/index.php?rest_route=\/wp\/v2\/media\/214780"}],"wp:attachment":[{"href":"https:\/\/analyse.optim.biz\/index.php?rest_route=%2Fwp%2Fv2%2Fmedia&parent=214779"}],"wp:term":[{"taxonomy":"category","embeddable":true,"href":"https:\/\/analyse.optim.biz\/index.php?rest_route=%2Fwp%2Fv2%2Fcategories&post=214779"},{"taxonomy":"post_tag","embeddable":true,"href":"https:\/\/analyse.optim.biz\/index.php?rest_route=%2Fwp%2Fv2%2Ftags&post=214779"}],"curies":[{"name":"wp","href":"https:\/\/api.w.org\/{rel}","templated":true}]}}