{"id":214753,"date":"2014-01-13T01:04:57","date_gmt":"2014-01-12T22:04:57","guid":{"rendered":"https:\/\/analyse.optim.biz\/?p=214753"},"modified":"2014-01-13T01:04:57","modified_gmt":"2014-01-12T22:04:57","slug":"crin-antonescu-60-65-pentru-psd-la-europarlamentare-nu-mi-se-pare-o-propunere-irationala-fantezista-pe-o-lista-comuna-cu-pnl","status":"publish","type":"post","link":"https:\/\/analyse.optim.biz\/?p=214753","title":{"rendered":"Crin Antonescu: 60%-65% pentru PSD la europarlamentare \u201enu mi se pare o propunere ira\u0163ional\u0103, fantezist\u0103\u201d pe o list\u0103 comun\u0103 cu PNL"},"content":{"rendered":"<div class=\"entry data-app-meta data-app-meta-article\" data-embed-base-url-canonical=\"https:\/\/www.digi24.ro\/embed\/stiri\/actualitate\/politica\/crin-antonescu-60-65-pentru-psd-la-europarlamentare-nu-mi-se-pare-o-propunere-irationala-fantezista-pe-o-lista-comuna-cu-pnl-183003\">\n<p data-index=\"1\"><span><strong>Pre\u015fedintele PNL, Crin Antonescu, spune la Digi24 c\u0103 \u00eenc\u0103 nu s-a luat o decizie final\u0103 \u00een privin\u0163a \u00eenscrierii pe liste comune cu PSD la alegerile europarlamentare, ad\u0103ug\u00e2nd c\u0103 un algoritm de 40%\u201360% sau 35%-65% \u00een favoarea PSD nu i se pare \u201eo propunere ira\u0163ional\u0103, fantezist\u0103\u201d.<\/strong><\/span><\/p>\n<p data-index=\"2\"><img decoding=\"async\" src=\"https:\/\/analyse.optim.biz\/wp-content\/uploads\/2024\/09\/ndg2ngq4ztu0mwvmn2rhmmuxztiymda3ngu5ywfm-thumb_.jpg\" data-skip-htmlfix=\"1\" title=\"ndg2ngq4ztu0mwvmn2rhmmuxztiymda3ngu5ywfm-thumb_\"><\/p>\n<p data-index=\"3\">Contactat telefonic la <span><strong>Digi24<\/strong><\/span>, co-pre\u015fedintele Uniunii Social Liberale a ar\u0103tat \u00een emisiunea <span><strong>Kilometrul 0<\/strong><\/span> c\u0103 o list\u0103 comun\u0103 PSD-PNL la alegerile europarlamentare de anul acesta ar avea ca scop \u00een primul r\u00e2nd un semnal de revigorare a alian\u0163ei dintre cele dou\u0103 forma\u0163iuni de la guvernare:<\/p>\n<p data-index=\"4\">\u201eAcest subiect, m\u0103car, nu a generat un diferend \u00een\u0103untrul USL. <strong>Nu ne cert\u0103m noi cu cei din PSD sau cu al\u0163ii pe un asemenea subiect. E o tem\u0103 de discu\u0163ie luat\u0103 cu pozi\u0163ii diverse chiar \u015fi \u00een interiorul PSD, \u015fi \u00een interiorul PNL. Exist\u0103 argumente pentru listele separate<\/strong>, nu le mai reiau (&#8230;), sunt binecunoscute. Ar exista \u015fi <strong>argumente pentru o list\u0103 comun\u0103, care \u0163in mai ales de semnalul de revigorare a alian\u0163ei politice care s-ar da<\/strong>. Este un subiect asupra c\u0103ruia vom mai discuta.\u201d<\/p>\n<p data-index=\"5\">O discu\u0163ie clar\u0103 cu privire la marja de negociere pentru locurile eligibile ale fiec\u0103rui partid nu s-a produs \u00eenc\u0103, afirm\u0103 Crin Antonescu: \u201eNu am ajuns acolo\u201d, spune el, folosindu-se de ocazie pentru a sublinia c\u0103 <strong>o marj\u0103 de 60%\u201340% sau 65%-35% \u00een favoarea PSD nu i se pare \u201eo propunere ira\u0163ional\u0103 sau fantezist\u0103\u201d<\/strong>. \u201e<strong>Se poate discuta pe aceast\u0103 formul\u0103, pe alta, dar nu am ajuns \u00een aceast\u0103 faz\u0103 \u015fi n-are rost s\u0103 avans\u0103m ca atare<\/strong>\u201d, a \u0163inut s\u0103 precizeze pre\u015fedintele liberal.<\/p>\n<p data-index=\"6\">El a avansat aceste date \u00een condi\u0163iile \u00een care invitatul din studioul Kilometrul 0, deputatul social-democrat Viorel Hrebenciuc, se declar\u0103 <a href=\"https:\/\/www.digi24.ro\/Stiri\/Digi24\/Actualitate\/Politica\/V+Hrebenciuc+In+momentul+in+care+se+rupe+USL+va+garantez+ca+va+a\" target=\"_blank\" data-skip-linkfix=\"1\" rel=\"noopener\"><strong>un partizan al listelor comune la alegerile europarlamentare, decizie care \u201ear da lini\u015fte \u00een USL \u015fi \u00een \u0163ar\u0103\u201d<\/strong><\/a>. \u201e<strong>Din punctul meu de vedere, vor c\u00e2\u015ftiga alegerile c\u00e2nd merg pe aceea\u015fi list\u0103<\/strong>\u201d, a spus deputatul, ad\u0103ug\u00e2nd c\u0103 paritatea este un fapt absolut negociabil. \u00cen contextul actual, crede Hrebenciuc, algoritmul nu va mai fi de 50%\u201350%, av\u00e2nd \u00een vedere rezultatele sondajelor de opinie, exist\u00e2nd varianta 65%-35% sau 60%-40% \u00een favoarea PSD.<\/p>\n<p data-index=\"7\"><span><strong>Un semnal de unitate la \u00eenceput de an<\/strong><\/span><\/p>\n<p data-index=\"8\">Crin Antonescu a reafirmat dorin\u0163a liberalilor de a duce la bun sf\u00e2r\u015fit \u201eproiectul Uniunea Social Liberal\u0103\u201d: \u201eC\u0103 vom merge pe liste comune sau c\u0103 vom merge pe liste separate, noi suntem, cred, la fel de hot\u0103r\u00e2\u0163i s\u0103 ducem p\u00e2n\u0103 la cap\u0103t, adic\u0103 cel pu\u0163in p\u00e2n\u0103 \u00een 2016, proiectul USL. Chiar dac\u0103 vom merge pe liste separate, <strong>asta nu \u00eenseamn\u0103 ruperea USL<\/strong>\u201d, arat\u0103 pre\u015fedintele Senatului.<\/p>\n<p data-index=\"9\">Crin Antonescu a \u00eencercat s\u0103 dea din nou explica\u0163ii pentru blocarea a dou\u0103 scopuri esen\u0163iale ale construc\u0163iei politice, obstacolele din calea demersului USL \u015fi motivul fric\u0163iunilor din 2013: \u201e\u00cen al doilea r\u00e2nd, vede\u0163i, e o schem\u0103 simpl\u0103 de propagand\u0103. Dou\u0103 proiecte, de fapt, reduse la unul singur \u2013 Constitu\u0163ia \u015fi regionalizarea, ele implic\u00e2nd nevoia modific\u0103rii Constitu\u0163iei -, au fost blocate de ni\u015fte decizii ale Cur\u0163ii Constitu\u0163ionale, de ni\u015fte atacuri, care n-au stat \u00een puterea noastr\u0103. Noi nu am for\u0163at niciodat\u0103 regulile jocului democratic.\u201d<\/p>\n<p data-index=\"10\">Este tocmai motivul pentru care acum alian\u0163a trebuie s\u0103 conving\u0103 din nou de bunele sale inten\u0163ii, revenind \u00een for\u0163\u0103 \u00eenc\u0103 de la \u00eenceputul acestui an: \u201eE o chestiune de voin\u0163\u0103 politic\u0103 \u015fi responsabilitate. <strong>Dac\u0103 noi vom da semnale<\/strong> \u2013 \u015fi eu sper s\u0103 o facem \u2013 <strong>foarte puternice de la \u00eenceputul acestui an c\u0103 USL rezist\u0103, c\u0103 USL recupereaz\u0103 spiritul ei ini\u0163ial, cel cu care a c\u00e2\u015ftigat mari b\u0103t\u0103lii electorale<\/strong> &#8211; toate p\u00e2n\u0103 acum -, <strong>atunci eu cred c\u0103 aceast\u0103 mare construc\u0163ie politic\u0103, \u00een care eu v\u0103d o \u015fans\u0103 pentru Rom\u00e2nia, \u00ee\u015fi va duce mandatul p\u00e2n\u0103 la sf\u00e2r\u015fitul anului 2016<\/strong>\u201d, conchide Crin Antonescu.<\/p>\n<p data-index=\"11\"><span><strong>Obiectivul fundamental r\u0103m\u00e2ne \u00eenl\u0103turarea &#8220;regimului B\u0103sescu&#8221;<\/strong><\/span><\/p>\n<p data-index=\"12\">Crin Antonescu, Victor Ponta \u015fi Daniel Constantin au avut o \u00eent\u00e2lnire seara trecut\u0103, iar luni are loc prima \u015fedin\u0163\u0103 a Uniunii din 2014. Dup\u0103 discu\u0163ia informal\u0103, premierul a declarat c\u0103 este convins c\u0103 membrii USL vor r\u0103m\u00e2ne \u00eempreun\u0103 pentru a-\u015fi atinge obiectivul fundamental, respectiv \u00eenl\u0103turarea regimului B\u0103sescu. Cei trei au discutat \u015fi ca alegerile preziden\u0163iale s\u0103 fie undeva \u00een luna noiembrie. La <span><strong>Digi24<\/strong><\/span>, liderul liberal Crin Antonescu a negat c\u0103 ar exista presiuni din partea PSD ca PNL s\u0103 voteze legea amnistiei \u015fi gra\u0163ierii.<\/p>\n<p data-index=\"13\"><span><strong>Ella Moroiu<\/strong><\/span><\/p>\n<\/div>\n<p> Source URL: https:\/\/www.digi24.ro\/stiri\/actualitate\/politica\/crin-antonescu-60-65-pentru-psd-la-europarlamentare-nu-mi-se-pare-o-propunere-irationala-fantezista-pe-o-lista-comuna-cu-pnl-183003<\/p>\n","protected":false},"excerpt":{"rendered":"<p>Pre\u015fedintele PNL, Crin Antonescu, spune la Digi24 c\u0103 \u00eenc\u0103 nu s-a luat o decizie final\u0103 \u00een privin\u0163a \u00eenscrierii pe liste comune cu PSD la alegerile europarlamentare, ad\u0103ug\u00e2nd c\u0103 un algoritm de 40%\u201360% sau 35%-65% \u00een favoarea PSD nu i se pare \u201eo propunere ira\u0163ional\u0103, fantezist\u0103\u201d. Contactat telefonic la Digi24, co-pre\u015fedintele Uniunii Social Liberale a ar\u0103tat [&hellip;]<\/p>\n","protected":false},"author":1,"featured_media":214754,"comment_status":"open","ping_status":"","sticky":false,"template":"","format":"standard","meta":{"footnotes":""},"categories":[2],"tags":[11],"class_list":["post-214753","post","type-post","status-publish","format-standard","has-post-thumbnail","hentry","category-politics","tag-digi24"],"_links":{"self":[{"href":"https:\/\/analyse.optim.biz\/index.php?rest_route=\/wp\/v2\/posts\/214753","targetHints":{"allow":["GET"]}}],"collection":[{"href":"https:\/\/analyse.optim.biz\/index.php?rest_route=\/wp\/v2\/posts"}],"about":[{"href":"https:\/\/analyse.optim.biz\/index.php?rest_route=\/wp\/v2\/types\/post"}],"author":[{"embeddable":true,"href":"https:\/\/analyse.optim.biz\/index.php?rest_route=\/wp\/v2\/users\/1"}],"replies":[{"embeddable":true,"href":"https:\/\/analyse.optim.biz\/index.php?rest_route=%2Fwp%2Fv2%2Fcomments&post=214753"}],"version-history":[{"count":0,"href":"https:\/\/analyse.optim.biz\/index.php?rest_route=\/wp\/v2\/posts\/214753\/revisions"}],"wp:featuredmedia":[{"embeddable":true,"href":"https:\/\/analyse.optim.biz\/index.php?rest_route=\/wp\/v2\/media\/214754"}],"wp:attachment":[{"href":"https:\/\/analyse.optim.biz\/index.php?rest_route=%2Fwp%2Fv2%2Fmedia&parent=214753"}],"wp:term":[{"taxonomy":"category","embeddable":true,"href":"https:\/\/analyse.optim.biz\/index.php?rest_route=%2Fwp%2Fv2%2Fcategories&post=214753"},{"taxonomy":"post_tag","embeddable":true,"href":"https:\/\/analyse.optim.biz\/index.php?rest_route=%2Fwp%2Fv2%2Ftags&post=214753"}],"curies":[{"name":"wp","href":"https:\/\/api.w.org\/{rel}","templated":true}]}}