{"id":214531,"date":"2014-01-15T11:35:42","date_gmt":"2014-01-15T08:35:42","guid":{"rendered":"https:\/\/analyse.optim.biz\/?p=214531"},"modified":"2014-01-15T11:35:42","modified_gmt":"2014-01-15T08:35:42","slug":"traian-basescu-despre-schengen-este-timpul-sa-ne-apropiem-de-un-capat","status":"publish","type":"post","link":"https:\/\/analyse.optim.biz\/?p=214531","title":{"rendered":"Traian B\u0103sescu despre Schengen: Este timpul s\u0103 ne apropiem de un cap\u0103t"},"content":{"rendered":"<div class=\"entry data-app-meta data-app-meta-article\" data-embed-base-url-canonical=\"https:\/\/www.digi24.ro\/embed\/stiri\/actualitate\/politica\/traian-basescu-despre-schengen-este-timpul-sa-ne-apropiem-de-un-capat-184637\">\n<p data-index=\"1\">Traian B\u0103sescu a subliniat c\u0103 \u00een Tratatul de aderare a Rom\u00e2niei la UE nu sunt prev\u0103zute piedici \u00een privin\u021ba ader\u0103rii la Schengen, care, \u00een opinia sa, reprezint\u0103 un element de integrare \u0219i mai profund\u0103 \u00een Uniunea European\u0103.<\/p>\n<p data-index=\"2\">\u201eRom\u00e2nia a acceptat un timp (aceast\u0103 situa\u021bie), dar este timpul s\u0103 ne apropiem de un cap\u0103t\u201d, a avertizat \u0219eful statului. \u201eVrem s\u0103 fim parte a unei comunit\u0103\u021bi bazate pe reguli\u201d, a subliniat Traian B\u0103sescu, men\u021bion\u00e2nd c\u0103 nu exist\u0103 deocamdat\u0103 niciun stat membru care s\u0103 se dezic\u0103 de apartenen\u021ba la UE.<\/p>\n<p data-index=\"3\">\u201eRom\u00e2nia a fost mereu partizanul organiz\u0103rii societ\u0103\u021bii interna\u021bionale dup\u0103 reguli, \u00eens\u0103 \u00een fa\u021ba unei asemenea agresiuni din partea unor parteneri europeni devine dificil de sus\u021binut c\u0103 limitele ac\u021biunilor noastre politice exist\u0103 \u0219i c\u0103 ele sunt consacrate juridic\u201d, a spus pre\u0219edintele. \u00a0<\/p>\n<p data-index=\"4\">Declara\u021biile au fost f\u0103cute \u00een discursul anual pe care Traian B\u0103sescu l-a rostit \u00een fa\u021ba <a href=\"https:\/\/www.digi24.ro\/Stiri\/Digi24\/Actualitate\/Politica\/Presedintele+se+intalneste+cu+ambasadorii+Traian+Basescu+le+va+p\" target=\"_blank\" data-skip-linkfix=\"1\" rel=\"noopener\">ambasadorilor acredita\u021bi la Bucure\u0219ti<\/a>.<\/p>\n<p data-index=\"5\">\u201eTratatul de aderare al Rom\u00e2niei nu prezinta condi\u021bionari legate de MCV \u00een perspectiva ader\u0103rii la spa\u021biul Schengen. Rom\u00e2nia a acceptat un timp aceste condi\u0163ion\u0103ri, dar este timpul s\u0103 ne apropiem de un cap\u0103t. \u015ei accesul la spa\u0163iul Schengen este un element puternic de integrare a Rom\u00e2niei\u201d, a declarat pre\u0219edintele.<\/p>\n<p data-index=\"6\">La sf\u00e2r\u015fitul anului trecut, rom\u00e2nii au fost anun\u0163a\u0163i c\u0103 decizia privind libera lor circula\u0163ie \u00een spa\u0163iul european a fost am\u00e2nat\u0103 pe termen nelimitat. \u00a0<\/p>\n<\/div>\n<p> Source URL: https:\/\/www.digi24.ro\/stiri\/actualitate\/politica\/traian-basescu-despre-schengen-este-timpul-sa-ne-apropiem-de-un-capat-184637<\/p>\n","protected":false},"excerpt":{"rendered":"<p>Traian B\u0103sescu a subliniat c\u0103 \u00een Tratatul de aderare a Rom\u00e2niei la UE nu sunt prev\u0103zute piedici \u00een privin\u021ba ader\u0103rii la Schengen, care, \u00een opinia sa, reprezint\u0103 un element de integrare \u0219i mai profund\u0103 \u00een Uniunea European\u0103. \u201eRom\u00e2nia a acceptat un timp (aceast\u0103 situa\u021bie), dar este timpul s\u0103 ne apropiem de un cap\u0103t\u201d, a avertizat [&hellip;]<\/p>\n","protected":false},"author":1,"featured_media":214532,"comment_status":"open","ping_status":"","sticky":false,"template":"","format":"standard","meta":{"footnotes":""},"categories":[2],"tags":[11],"class_list":["post-214531","post","type-post","status-publish","format-standard","has-post-thumbnail","hentry","category-politics","tag-digi24"],"_links":{"self":[{"href":"https:\/\/analyse.optim.biz\/index.php?rest_route=\/wp\/v2\/posts\/214531","targetHints":{"allow":["GET"]}}],"collection":[{"href":"https:\/\/analyse.optim.biz\/index.php?rest_route=\/wp\/v2\/posts"}],"about":[{"href":"https:\/\/analyse.optim.biz\/index.php?rest_route=\/wp\/v2\/types\/post"}],"author":[{"embeddable":true,"href":"https:\/\/analyse.optim.biz\/index.php?rest_route=\/wp\/v2\/users\/1"}],"replies":[{"embeddable":true,"href":"https:\/\/analyse.optim.biz\/index.php?rest_route=%2Fwp%2Fv2%2Fcomments&post=214531"}],"version-history":[{"count":0,"href":"https:\/\/analyse.optim.biz\/index.php?rest_route=\/wp\/v2\/posts\/214531\/revisions"}],"wp:featuredmedia":[{"embeddable":true,"href":"https:\/\/analyse.optim.biz\/index.php?rest_route=\/wp\/v2\/media\/214532"}],"wp:attachment":[{"href":"https:\/\/analyse.optim.biz\/index.php?rest_route=%2Fwp%2Fv2%2Fmedia&parent=214531"}],"wp:term":[{"taxonomy":"category","embeddable":true,"href":"https:\/\/analyse.optim.biz\/index.php?rest_route=%2Fwp%2Fv2%2Fcategories&post=214531"},{"taxonomy":"post_tag","embeddable":true,"href":"https:\/\/analyse.optim.biz\/index.php?rest_route=%2Fwp%2Fv2%2Ftags&post=214531"}],"curies":[{"name":"wp","href":"https:\/\/api.w.org\/{rel}","templated":true}]}}