{"id":214498,"date":"2014-01-15T14:22:27","date_gmt":"2014-01-15T11:22:27","guid":{"rendered":"https:\/\/analyse.optim.biz\/?p=214498"},"modified":"2014-01-15T14:22:27","modified_gmt":"2014-01-15T11:22:27","slug":"exclusiv-procurorul-general-il-apara-pe-ponta-dupa-ce-premierul-a-spus-ca-nastase-a-fost-condamnat-politic","status":"publish","type":"post","link":"https:\/\/analyse.optim.biz\/?p=214498","title":{"rendered":"EXCLUSIV. Procurorul general \u00eel apar\u0103 pe Ponta, dup\u0103 ce premierul a spus c\u0103 N\u0103stase a fost condamnat politic"},"content":{"rendered":"<div class=\"entry data-app-meta data-app-meta-article\" data-embed-base-url-canonical=\"https:\/\/www.digi24.ro\/embed\/stiri\/actualitate\/politica\/exclusiv-procurorul-general-il-apara-pe-ponta-dupa-ce-premierul-a-spus-ca-nastase-a-fost-condamnat-politic-184815\">\n<p data-index=\"1\"><strong>\u201eNici \u00een ceea ce m\u0103 prive\u015fte, nici \u00een ceea ce \u00eei prive\u015fte pe al\u0163i colegi, eu unul nu m\u0103 simt afectat, nu m\u0103 simt amenin\u0163at \u00een vreun fel, eu \u00eemi cunosc capacit\u0103\u0163ile, cunosc dispozi\u0163iile legale care m\u0103 protejeaz\u0103 ca magistrat. Sunt politicieni \u015fi fiecare politician are, zic eu, strategia lui\u201d<\/strong>, a declarat Tiberiu Ni\u0163u, procurorul-\u0219ef al Parchetului de pe l\u00e2ng\u0103 \u00cenalta Curet de Casa\u021bie \u0219i Justi\u021bie, \u00een primul s\u0103u interviu la un post de televiziune.<\/p>\n<p data-index=\"2\">Tiberiu Ni\u0163u, membru de drept al CSM, a lipsit de la \u015fedin\u0163a procurorilor din Consiliu atunci c\u00e2nd to\u0163i membrii au votat s\u0103 fie sesiza\u0163i inspectorii judiciari \u00een leg\u0103tur\u0103 cu declara\u0163iile cu Victor Ponta. Atunci, magistra\u0163ii din CSM au avut o p\u0103rere diferit\u0103 de cea a procurorul general al Rom\u00e2niei.<\/p>\n<h5>CSM: V. Ponta, pericol pentru independen\u0163a procurorilor<\/h5>\n<p data-index=\"3\"><strong>\u201eSec\u0163ia pentru procurori apreciaz\u0103 c\u0103 elemente din mesajul public al premierului Victor Ponta au urm\u0103rit decredibilizarea profesional\u0103 \u015fi institu\u0163ional\u0103 a procurorilor din cadrul DNA\u201d<\/strong>, se ar\u0103ta \u00een Hot\u0103r\u00e2rea Sec\u0163iei de procurori a CSM.<\/p>\n<p data-index=\"4\">\u201eVreau s\u0103 v\u0103 spun c\u0103 pozi\u0163ia mea \u015fi a sec\u0163iei de procurori este transpus\u0103 \u00een hot\u0103r\u00e2rea publicat\u0103 pe site-ul Consiliului Superior al Magistraturii prin care am sesizat Inspec\u0163ia Judiciar\u0103 s\u0103 efectueze verific\u0103rile de rigoare\u201d, a declarat procurorul Bogdan Muscalu, vicepre\u015fedinte CSM.<\/p>\n<p data-index=\"5\">Sec\u0163ia de procurori din CSM a hot\u0103r\u00e2t c\u0103 atacurile premierului pun bazele unui scenariu care are drept scop decredibilizarea sistemului de justi\u0163ie. Magistra\u0163ii din Consiliul Superior al Magistraturii mai sus\u0163in c\u0103 declara\u0163iile premierului pun presiune asupra procurorilor, ba chiar \u00eei pot intimida.\u00a0<a href=\"https:\/\/www.digi24.ro\/Stiri\/Digi24\/Actualitate\/Stiri\/CSM+analizeaza+declaratiile+premierului+Victor+Ponta+pe+tema+con\" target=\"_blank\" data-skip-linkfix=\"1\" rel=\"noopener\">CSM a sesizat Inspec\u021bia Judiciar\u0103<\/a>\u00a0pentru a analiza declara\u021biile premierului Victor Ponta.<\/p>\n<p data-index=\"6\"><strong>\u201eConsider\u00e2nd c\u0103 acestea construiesc un scenariu cu poten\u0163ial major at\u00e2t de afectare a magistra\u0163ilor care instrumenteaz\u0103 anumite cauze penale cre\u00e2nd de asemenea, o presiune care are drept scop intimidarea \u015fi decredibilizarea institu\u0163iilor din justi\u0163ie \u015fi a corpului magistra\u0163ilor rom\u00e2ni, inacceptabil\u0103 \u00eentr-un stat de drept, Sec\u0163ia pentru procurori apreciaz\u0103 c\u0103 se impune sesizarea Inspec\u0163iei Judiciare\u201d<\/strong>, se preciza \u00een <a href=\"http:\/\/www.csm1909.ro\/csm\/linkuri\/08_01_2014__64748_ro.PDF\" target=\"_blank\" data-skip-linkfix=\"1\" rel=\"noopener\">hot\u0103r\u00e2rea Sec\u0163iei de procurori, din 7 ianuarie<\/a>.<\/p>\n<p data-index=\"7\">Sesizarea Inspec\u0163iei Judiciare se refer\u0103 la declara\u0163iile pe care premierul Victor Ponta potrivit c\u0103rora Adrian N\u0103stase este un condamnat politic.<\/p>\n<p data-index=\"8\">Inspec\u0163ia Judiciar\u0103 va analiza declara\u0163iile f\u0103cute de premierul Victor Ponta, apoi va decide dac\u0103 acestea au afectat independen\u0163a sistemului judiciar, dar \u015fi a procurorilor anticorup\u0163ie.<\/p>\n<p data-index=\"9\">Punctul de vedere al inspec\u0163iei va ajunge la Consiliul Superior al Magistraturii, ai c\u0103rui membri vor decide dac\u0103 \u015fi-i \u00eensu\u015fesc. Dac\u0103 vor decide c\u0103 atacurile premierului au afectat independen\u0163a justi\u0163iei, atunci Victor Ponta va fi sanc\u0163ionat public, prin intermediul unui comunicat de pres\u0103.<\/p>\n<h5><span>Victor Ponta: \u201eEste o realitate. Nu am voie s\u0103 spun realit\u0103\u0163i?\u201d<\/span><\/h5>\n<p data-index=\"10\">Liderul PSD, premierul Victor Ponta a afirmat duminica trecut\u0103 c\u0103 <a href=\"http:\/\/bit.ly\/1cT0HkJ\" target=\"_blank\" data-skip-linkfix=\"1\" rel=\"noopener\">\u00ee\u015fi men\u0163ine declara\u0163iile \u00een privin\u0163a condamn\u0103rii lui Adrian N\u0103stase<\/a>, ar\u0103t\u00e2nd c\u0103 el a exprimat doar ni\u015fte realit\u0103\u0163i care nu au nicio leg\u0103tur\u0103 cu independen\u0163a justi\u0163iei.<\/p>\n<p data-index=\"11\"><strong>\u201eProcesele penale \u00eempotriva lui Adrian N\u0103stase au pornit imediat dup\u0103 alegerile pierdute \u00een 2004, conduse de Morar \u015fi Macovei, iar scopul lui Traian B\u0103sescu \u015fi al clicii lui a fost distrugerea omului politic Adrian N\u0103stase. Este o realitate. Nu am voie s\u0103 spun realit\u0103\u0163i, pe care cei mai mul\u0163i oameni le g\u00e2ndesc? Sunt obligat s\u0103 spun lucrurile astea\u201d<\/strong>, a afirmat Victor Ponta, duminic\u0103, \u00eentr-o emisiune televizat\u0103, citat de Mediafax.<\/p>\n<p data-index=\"12\">Instan\u0163a suprem\u0103 i-a condamnat luni, 6 ianuarie, \u00een dosarul Zambaccian, pe Adrian N\u0103stase la patru ani de \u00eenchisoare cu executare, pe so\u0163ia acestuia, Dana N\u0103stase, la trei ani cu suspendare, iar pe Irina Jianu, la patru ani cu executare. Adrian N\u0103stase a fost \u00eencarcerat, luni sear\u0103, la Penitenciarul Rahova.<\/p>\n<p data-index=\"13\">Premierul Victor Ponta a afirmat atunci c\u0103 Adrian N\u0103stase este <a href=\"https:\/\/www.digi24.ro\/Stiri\/Digi24\/Actualitate\/Politica\/Victor+Ponta+Adrian+Nastase+Traian+Basescu+caz+Iulia+Timosenko\" target=\"_blank\" data-skip-linkfix=\"1\" rel=\"noopener\">un condamnat politic \u015fi o victim\u0103 a regimului B\u0103sescu<\/a>, \u00een condi\u0163iile \u00een care pre\u015fedintele Traian B\u0103sescu a instituit din 2005 prin Monica Macovei \u015fi Daniel Morar, principalii s\u0103i colaboratori, un sistem, inclusiv prin dosare penale, \u00eempotriva adversarilor politici.<\/p>\n<p data-index=\"14\">Ulterior,\u00a0<a href=\"https:\/\/www.digi24.ro\/Stiri\/Digi24\/Actualitate\/Justitie\/Sefii+CSM+explicatii+la+Ambasada+SUA\" target=\"_blank\" data-skip-linkfix=\"1\" rel=\"noopener\">la Ambasada Statelor Unite la Bucure\u015fti, \u015fefii justi\u0163iei au dat explica\u0163ii<\/a>\u00a0despre situa\u0163ia magistra\u0163ilor ataca\u0163i \u00een declara\u0163iile publice ale premierului Victor Ponta.\u00a0<\/p>\n<p data-index=\"15\">Pre\u0219edintele Consiliului Superior al Magistraturii, Adrian Bordea, a declarat c\u0103 la \u00eent\u00e2lnirea de la ambasada SUA, un diplomat american a \u021binut s\u0103 sublinieze c\u0103 \u00een Statele Unite politicienii nu comenteaz\u0103 deciziile pe care le iau instan\u021bele judec\u0103tore\u0219ti.<\/p>\n<p data-index=\"16\">Afirma\u021bia era o aluzie la comentariul f\u0103cut de premierul Victor Ponta \u00een cazul dosarului lui Adrian N\u0103stase, despre care a spus c\u0103 este un condamnat politic.<\/p>\n<h5>Traseul lui Tiberiu Ni\u021bu la conducerea P\u00ceCCJ<\/h5>\n<p data-index=\"17\">Tiberiu Ni\u021bu a fost propus, \u00een 1 noiembrie 2012, de c\u0103tre ministrul Justi\u0163iei, la acea vreme Mona Pivniceru, pentru numirea \u00een func\u021bia de procuror-\u0219ef al P\u00ceCCJ.<\/p>\n<p data-index=\"18\">Consiliul Superior al Magistraturii a anun\u021bat \u00een 3 decembrie, c\u0103 a transmis c\u0103tre ministrul Justi\u0163iei, Mona Pivniceru, hot\u0103r\u00e2rile Sec\u0163iei pentru procurori a CSM privind avizarea negativ\u0103 a propunerilor pentru numirea \u00een func\u0163iile de procuror general al P\u00ceCCJ \u015fi procuror \u015fef al DNA.<\/p>\n<p data-index=\"19\">Ulterior, pre\u0219edin\u021bia a anun\u021bat c\u0103 \u0219eful statului nu e de acord cu propunerile Monei Pivniceru la conducerea Parchetului General \u0219i a DNA.<\/p>\n<p data-index=\"20\">Tiberiu Ni\u0163u a fost apoi propus pentru a doua oar\u0103 procuror general, de c\u0103tre ministrul interimar al Justi\u021biei de la acea dat\u0103, premierul Victor Ponta, \u0219i a primit aviz pozitiv pentru c\u0103 a avut ini\u0163iative \u00een modernizarea Ministerului Public, a fost receptiv la criticile formulate de CSM la interviul din noiembrie 2012 \u015fi va colabora cu echipa de conducere, arat\u0103 CSM \u00een motivarea deciziei.<\/p>\n<p data-index=\"21\">\u00cen urma audierilor desf\u0103\u015furate \u00een zilele de 8 \u015fi 9 mai 2013 \u015fi a analizei proiectelor de management depuse, Sec\u0163ia pentru procurori a Consiliului Superior al Magistraturii a emis avize favorabile pentru to\u0163i cei \u015fase candida\u0163i propu\u015fi de Ministrul Justi\u0163iei.<\/p>\n<p data-index=\"22\">Ulterior, ministrul numit al Justi\u021biei, <a href=\"http:\/\/bit.ly\/19895Zh\" target=\"_blank\" data-skip-linkfix=\"1\" rel=\"noopener\">Robert Cazanciuc, i-a transmis pre\u0219edintelui Traian B\u0103sescu propunerile de numire a \u0219efilor procurorilor<\/a>, care a fost acceptat\u0103 de Traian B\u0103sescu.<\/p>\n<\/div>\n<p> Source URL: https:\/\/www.digi24.ro\/stiri\/actualitate\/politica\/exclusiv-procurorul-general-il-apara-pe-ponta-dupa-ce-premierul-a-spus-ca-nastase-a-fost-condamnat-politic-184815<\/p>\n","protected":false},"excerpt":{"rendered":"<p>\u201eNici \u00een ceea ce m\u0103 prive\u015fte, nici \u00een ceea ce \u00eei prive\u015fte pe al\u0163i colegi, eu unul nu m\u0103 simt afectat, nu m\u0103 simt amenin\u0163at \u00een vreun fel, eu \u00eemi cunosc capacit\u0103\u0163ile, cunosc dispozi\u0163iile legale care m\u0103 protejeaz\u0103 ca magistrat. Sunt politicieni \u015fi fiecare politician are, zic eu, strategia lui\u201d, a declarat Tiberiu Ni\u0163u, procurorul-\u0219ef [&hellip;]<\/p>\n","protected":false},"author":1,"featured_media":214499,"comment_status":"open","ping_status":"","sticky":false,"template":"","format":"standard","meta":{"footnotes":""},"categories":[2],"tags":[11],"class_list":["post-214498","post","type-post","status-publish","format-standard","has-post-thumbnail","hentry","category-politics","tag-digi24"],"_links":{"self":[{"href":"https:\/\/analyse.optim.biz\/index.php?rest_route=\/wp\/v2\/posts\/214498","targetHints":{"allow":["GET"]}}],"collection":[{"href":"https:\/\/analyse.optim.biz\/index.php?rest_route=\/wp\/v2\/posts"}],"about":[{"href":"https:\/\/analyse.optim.biz\/index.php?rest_route=\/wp\/v2\/types\/post"}],"author":[{"embeddable":true,"href":"https:\/\/analyse.optim.biz\/index.php?rest_route=\/wp\/v2\/users\/1"}],"replies":[{"embeddable":true,"href":"https:\/\/analyse.optim.biz\/index.php?rest_route=%2Fwp%2Fv2%2Fcomments&post=214498"}],"version-history":[{"count":0,"href":"https:\/\/analyse.optim.biz\/index.php?rest_route=\/wp\/v2\/posts\/214498\/revisions"}],"wp:featuredmedia":[{"embeddable":true,"href":"https:\/\/analyse.optim.biz\/index.php?rest_route=\/wp\/v2\/media\/214499"}],"wp:attachment":[{"href":"https:\/\/analyse.optim.biz\/index.php?rest_route=%2Fwp%2Fv2%2Fmedia&parent=214498"}],"wp:term":[{"taxonomy":"category","embeddable":true,"href":"https:\/\/analyse.optim.biz\/index.php?rest_route=%2Fwp%2Fv2%2Fcategories&post=214498"},{"taxonomy":"post_tag","embeddable":true,"href":"https:\/\/analyse.optim.biz\/index.php?rest_route=%2Fwp%2Fv2%2Ftags&post=214498"}],"curies":[{"name":"wp","href":"https:\/\/api.w.org\/{rel}","templated":true}]}}