{"id":214474,"date":"2014-01-15T17:15:53","date_gmt":"2014-01-15T14:15:53","guid":{"rendered":"https:\/\/analyse.optim.biz\/?p=214474"},"modified":"2014-01-15T17:15:53","modified_gmt":"2014-01-15T14:15:53","slug":"un-senator-liberal-critica-guvernul-usl","status":"publish","type":"post","link":"https:\/\/analyse.optim.biz\/?p=214474","title":{"rendered":"Un senator liberal critic\u0103 Guvernul USL"},"content":{"rendered":"<div class=\"entry data-app-meta data-app-meta-article\" data-embed-base-url-canonical=\"https:\/\/www.digi24.ro\/embed\/stiri\/actualitate\/politica\/un-senator-liberal-critica-guvernul-usl-184934\">\n<p data-index=\"1\"><img decoding=\"async\" src=\"https:\/\/analyse.optim.biz\/wp-content\/uploads\/2024\/09\/odawjmhhc2g9mgqwndk3mdzhmjgynwy4nmfknjaymjkyngeyyjkyyti-thumb_.jpg\" data-skip-htmlfix=\"1\" title=\"odawjmhhc2g9mgqwndk3mdzhmjgynwy4nmfknjaymjkyngeyyjkyyti-thumb_\"><\/p>\n<p data-index=\"2\">Un senator al puterii \u00eei propune premierului Victor Ponta nici mai mult nici mai pu\u0163in dec\u00e2t desfiin\u0163area Parlamentului.<\/p>\n<p data-index=\"3\">Liberalul Cristian Bodea este nemul\u0163umit de modul \u00een care Guvernul condus de Victor Ponta r\u0103spunde la sesiz\u0103rile parlamentarilor \u015fi \u00eei repro\u015feaz\u0103 premierului c\u0103 face abuz de ordonan\u0163e de urgen\u0163\u0103.<\/p>\n<p data-index=\"4\"><strong><br \/><\/strong><\/p>\n<p data-index=\"5\"><strong>\u201eExist\u0103 o ruptur\u0103 de comunicare \u00eentre Guvern \u0219i parlamentarii care \u00eel sus\u021bin\u201d<\/strong>, a spus Cristian Bodea, \u00een direct la Digi24.<\/p>\n<p data-index=\"6\"><strong>\u201ePur \u0219i simplu p\u0103rerea parlamentarilor nu conteaz\u0103\u201d<\/strong>, a declarat senatorul, acuz\u00e2nd faptul c\u0103 Guvenul conduce autoritar Rom\u00e2nia, iar culpa ar c\u0103dea \u0219i pe mini\u0219trii liberali.<\/p>\n<p data-index=\"7\">Senatorul spune c\u0103 Rom\u00e2nia a ajuns o republic\u0103 guvernamental\u0103, iar Parlamentul nu se mai justific\u0103, \u00een condi\u0163iile \u00een care Guvernul respinge 95% din ini\u0163iativele parlamentarilor.<\/p>\n<\/div>\n<p> Source URL: https:\/\/www.digi24.ro\/stiri\/actualitate\/politica\/un-senator-liberal-critica-guvernul-usl-184934<\/p>\n","protected":false},"excerpt":{"rendered":"<p>Un senator al puterii \u00eei propune premierului Victor Ponta nici mai mult nici mai pu\u0163in dec\u00e2t desfiin\u0163area Parlamentului. Liberalul Cristian Bodea este nemul\u0163umit de modul \u00een care Guvernul condus de Victor Ponta r\u0103spunde la sesiz\u0103rile parlamentarilor \u015fi \u00eei repro\u015feaz\u0103 premierului c\u0103 face abuz de ordonan\u0163e de urgen\u0163\u0103. \u201eExist\u0103 o ruptur\u0103 de comunicare \u00eentre Guvern \u0219i [&hellip;]<\/p>\n","protected":false},"author":1,"featured_media":214475,"comment_status":"open","ping_status":"","sticky":false,"template":"","format":"standard","meta":{"footnotes":""},"categories":[2],"tags":[11],"class_list":["post-214474","post","type-post","status-publish","format-standard","has-post-thumbnail","hentry","category-politics","tag-digi24"],"_links":{"self":[{"href":"https:\/\/analyse.optim.biz\/index.php?rest_route=\/wp\/v2\/posts\/214474","targetHints":{"allow":["GET"]}}],"collection":[{"href":"https:\/\/analyse.optim.biz\/index.php?rest_route=\/wp\/v2\/posts"}],"about":[{"href":"https:\/\/analyse.optim.biz\/index.php?rest_route=\/wp\/v2\/types\/post"}],"author":[{"embeddable":true,"href":"https:\/\/analyse.optim.biz\/index.php?rest_route=\/wp\/v2\/users\/1"}],"replies":[{"embeddable":true,"href":"https:\/\/analyse.optim.biz\/index.php?rest_route=%2Fwp%2Fv2%2Fcomments&post=214474"}],"version-history":[{"count":0,"href":"https:\/\/analyse.optim.biz\/index.php?rest_route=\/wp\/v2\/posts\/214474\/revisions"}],"wp:featuredmedia":[{"embeddable":true,"href":"https:\/\/analyse.optim.biz\/index.php?rest_route=\/wp\/v2\/media\/214475"}],"wp:attachment":[{"href":"https:\/\/analyse.optim.biz\/index.php?rest_route=%2Fwp%2Fv2%2Fmedia&parent=214474"}],"wp:term":[{"taxonomy":"category","embeddable":true,"href":"https:\/\/analyse.optim.biz\/index.php?rest_route=%2Fwp%2Fv2%2Fcategories&post=214474"},{"taxonomy":"post_tag","embeddable":true,"href":"https:\/\/analyse.optim.biz\/index.php?rest_route=%2Fwp%2Fv2%2Ftags&post=214474"}],"curies":[{"name":"wp","href":"https:\/\/api.w.org\/{rel}","templated":true}]}}