{"id":214451,"date":"2014-01-15T22:36:34","date_gmt":"2014-01-15T19:36:34","guid":{"rendered":"https:\/\/analyse.optim.biz\/?p=214451"},"modified":"2014-01-15T22:36:34","modified_gmt":"2014-01-15T19:36:34","slug":"catalin-predoiu-sper-ca-anchetarea-lui-nicusor-constantinescu-este-un-prim-pas-in-demolarea-republicii-mazare","status":"publish","type":"post","link":"https:\/\/analyse.optim.biz\/?p=214451","title":{"rendered":"C\u0103t\u0103lin Predoiu: Sper c\u0103 anchetarea lui Nicu\u0219or Constantinescu este un prim pas \u00een demolarea republicii Maz\u0103re"},"content":{"rendered":"<div class=\"entry data-app-meta data-app-meta-article\" data-embed-base-url-canonical=\"https:\/\/www.digi24.ro\/embed\/stiri\/actualitate\/politica\/catalin-predoiu-sper-ca-anchetarea-lui-nicusor-constantinescu-este-un-prim-pas-in-demolarea-republicii-mazare-185128\">\n<p data-index=\"1\">C\u0103t\u0103lin Predoiu a punctat faptul c\u0103 <a href=\"https:\/\/www.digi24.ro\/Stiri\/Digi24\/Actualitate\/Politica\/Comunicat+CJ+Constanta+Nicusor+Constantinescu+cere+Parlamentului\" target=\"_blank\" data-skip-linkfix=\"1\" rel=\"noopener\">ce s-a \u00eent\u00e2mplat ast\u0103zi \u00een fa\u021ba Consiliului Jude\u021bean Constan\u021ba<\/a> nu este un abuz din punct de vedere procedural \u0219i c\u0103 \u00een cazul \u00een care o persoan\u0103 nu se prezint\u0103 s\u0103 execute mandatul de aducere se poate folosi for\u021ba pentru a se pune \u00een executare mandatul.<\/p>\n<p data-index=\"2\">\u201e<span>Eu sper c\u0103 este un prim pas \u00een ceea ce ar putea s\u0103 \u00eensemne demolarea republicii Maz\u0103re, despre care toat\u0103 lumea vorbe\u0219te \u0219i iat\u0103 c\u0103 toate au un sf\u00e2r\u0219it. Sau, cel pu\u021bin, asist\u0103m la un \u00eenceput al sf\u00e2r\u0219itului. Sper ca \u00een continuare justi\u021bia s\u0103 ac\u021bioneze curajos \u0219i \u00een acest caz, \u0219i \u00een altele, pentru c\u0103 trebuie cur\u0103\u021bat\u0103 \u021bara de toate focarele de corup\u021bie\u201d, a spus C\u0103t\u0103lin Predoiu, fost ministru al justi\u021biei.<\/span><\/p>\n<p data-index=\"3\">Despre declara\u021bia lui Nicu\u0219or Constantinescu cum c\u0103 \u201eei fac ce vor, nu conteaz\u0103 c\u0103 la putere este USL\u201d, Predoiu a spus c\u0103 se \u00een\u021belege mentalitatea unei p\u0103r\u021bi din activul politic al USL c\u0103 \u201etrebuie s\u0103 controleze justi\u021bia, regretul c\u0103 nu fac ce vor, a\u0219a cum au f\u0103cut p\u00e2n\u0103 acum\u201d.<\/p>\n<p data-index=\"4\">\u201e<span>Avem de-a face cu o lips\u0103 de realism. Ace\u0219ti oameni se cred \u00een continuare \u00een epoca N\u0103stase. Epoca \u00een care, \u00eentr-adev\u0103r, justi\u021bia nu se putea atinge de corup\u021bi. Acum nu mai e a\u0219a\u201d, a subliniat C\u0103t\u0103lin Predoiu.<\/span><\/p>\n<p data-index=\"5\">El a spus c\u0103 procurorii trebuie \u00een continuare sprijini\u021bi logistic de Ministerul Justi\u021biei.<\/p>\n<p data-index=\"6\">\u201e<span>Eu m\u0103 a\u0219tept ca m\u00e2ine, la ora 10:00, ministrul Justi\u021biei s\u0103 ias\u0103 \u0219i s\u0103 spun\u0103: nu e \u00een regul\u0103 ce declar\u0103 domnul Nicu\u0219or Constantinescu, DNA nu se va desfiin\u021ba. M\u0103 a\u0219tept ca m\u00e2ine domnul Ponta s\u0103 spun\u0103: domnule Nicu\u0219or Constantinescu, n-ave\u021bi dreptate, se va desfiin\u021ba republica Maz\u0103re, dar DNA nu se va desfiin\u021ba\u201d, a punctat fostul ministru.<\/span><\/p>\n<\/div>\n<p> Source URL: https:\/\/www.digi24.ro\/stiri\/actualitate\/politica\/catalin-predoiu-sper-ca-anchetarea-lui-nicusor-constantinescu-este-un-prim-pas-in-demolarea-republicii-mazare-185128<\/p>\n","protected":false},"excerpt":{"rendered":"<p>C\u0103t\u0103lin Predoiu a punctat faptul c\u0103 ce s-a \u00eent\u00e2mplat ast\u0103zi \u00een fa\u021ba Consiliului Jude\u021bean Constan\u021ba nu este un abuz din punct de vedere procedural \u0219i c\u0103 \u00een cazul \u00een care o persoan\u0103 nu se prezint\u0103 s\u0103 execute mandatul de aducere se poate folosi for\u021ba pentru a se pune \u00een executare mandatul. \u201eEu sper c\u0103 este [&hellip;]<\/p>\n","protected":false},"author":1,"featured_media":214452,"comment_status":"open","ping_status":"","sticky":false,"template":"","format":"standard","meta":{"footnotes":""},"categories":[2],"tags":[11],"class_list":["post-214451","post","type-post","status-publish","format-standard","has-post-thumbnail","hentry","category-politics","tag-digi24"],"_links":{"self":[{"href":"https:\/\/analyse.optim.biz\/index.php?rest_route=\/wp\/v2\/posts\/214451","targetHints":{"allow":["GET"]}}],"collection":[{"href":"https:\/\/analyse.optim.biz\/index.php?rest_route=\/wp\/v2\/posts"}],"about":[{"href":"https:\/\/analyse.optim.biz\/index.php?rest_route=\/wp\/v2\/types\/post"}],"author":[{"embeddable":true,"href":"https:\/\/analyse.optim.biz\/index.php?rest_route=\/wp\/v2\/users\/1"}],"replies":[{"embeddable":true,"href":"https:\/\/analyse.optim.biz\/index.php?rest_route=%2Fwp%2Fv2%2Fcomments&post=214451"}],"version-history":[{"count":0,"href":"https:\/\/analyse.optim.biz\/index.php?rest_route=\/wp\/v2\/posts\/214451\/revisions"}],"wp:featuredmedia":[{"embeddable":true,"href":"https:\/\/analyse.optim.biz\/index.php?rest_route=\/wp\/v2\/media\/214452"}],"wp:attachment":[{"href":"https:\/\/analyse.optim.biz\/index.php?rest_route=%2Fwp%2Fv2%2Fmedia&parent=214451"}],"wp:term":[{"taxonomy":"category","embeddable":true,"href":"https:\/\/analyse.optim.biz\/index.php?rest_route=%2Fwp%2Fv2%2Fcategories&post=214451"},{"taxonomy":"post_tag","embeddable":true,"href":"https:\/\/analyse.optim.biz\/index.php?rest_route=%2Fwp%2Fv2%2Ftags&post=214451"}],"curies":[{"name":"wp","href":"https:\/\/api.w.org\/{rel}","templated":true}]}}