{"id":214440,"date":"2014-01-15T23:14:45","date_gmt":"2014-01-15T20:14:45","guid":{"rendered":"https:\/\/analyse.optim.biz\/?p=214440"},"modified":"2014-01-15T23:14:45","modified_gmt":"2014-01-15T20:14:45","slug":"catalin-predoiu-declaratiile-procurorului-general-tiberiu-nitu-sunt-imprudente-si-regretabile","status":"publish","type":"post","link":"https:\/\/analyse.optim.biz\/?p=214440","title":{"rendered":"C\u0103t\u0103lin Predoiu: Declara\u021biile procurorului general Tiberiu Ni\u021bu sunt \u201eimprudente\u201d \u0219i \u201eregretabile\u201d"},"content":{"rendered":"<div class=\"entry data-app-meta data-app-meta-article\" data-embed-base-url-canonical=\"https:\/\/www.digi24.ro\/embed\/stiri\/actualitate\/politica\/catalin-predoiu-declaratiile-procurorului-general-tiberiu-nitu-sunt-imprudente-si-regretabile-185134\">\n<p data-index=\"1\">\u201e<span>Am privit foarte atent contextul. A fost o declara\u021bie f\u0103cut\u0103 \u00eenainte de a intra la CSM \u0219i, din c\u00e2te \u0219tiu, \u00eenainte de \u0219edin\u021ba Inspec\u021biei Judiciare. O declara\u021bie imprudent\u0103, din mai multe puncte de vedere. Contextul era o dezbatere politic\u0103 aprins\u0103 \u00eentre doi oameni politici, iar procurorul general a f\u0103cut un pas \u00een aceast\u0103 dezbatere, dup\u0103 p\u0103rerea mea, expun\u00e2ndu-se unor riscuri de a fi atras \u00eentr-un dialog politic unde nu are ce s\u0103 caute\u201d, a spus C\u0103t\u0103lin Predoiu, prim-vicepre\u0219edinte al PDL.<\/span><\/p>\n<p data-index=\"2\">\u201e<span>Pe de alt\u0103 parte, a f\u0103cut-o \u00eenainte de \u0219edin\u021ba sec\u021biei de procurori, care l-a dezavuat. Punctul de vedere al sec\u021biei de procurori a fost complet diferit de cel al procurorului general. (O declara\u021bie, n.r.) regretabil\u0103, dup\u0103 p\u0103rerea mea, \u0219i tactic prost ales momentul, \u0219i din punct de vedere al principiilor. A dep\u0103\u0219it, dup\u0103 p\u0103rerea mea, o limit\u0103 acceptabil\u0103\u201d, a ad\u0103ugat el.<\/span><\/p>\n<p data-index=\"3\">\u201e<span>Nici \u00een ceea ce m\u0103 prive\u015fte, nici \u00een ceea ce \u00eei prive\u015fte pe al\u0163i colegi, eu unul nu m\u0103 simt afectat, nu m\u0103 simt amenin\u0163at \u00een vreun fel, eu \u00eemi cunosc capacit\u0103\u0163ile, cunosc dispozi\u0163iile legale care m\u0103 protejeaz\u0103 ca magistrat. Sunt politicieni \u015fi fiecare politician are, zic eu, strategia lui\u201d,<a href=\"https:\/\/www.digi24.ro\/Stiri\/Digi24\/Actualitate\/Politica\/Procurorul+general+il+apara+pe+Ponta+dupa+ce+a+spus+ca+Nastase+a\" target=\"_blank\" data-skip-linkfix=\"1\" rel=\"noopener\"> a declarat Tiberiu Ni\u0163u<\/a>, procurorul-\u0219ef al Parchetului de pe l\u00e2ng\u0103 \u00cenalta Curet de Casa\u021bie \u0219i Justi\u021bie, \u00een primul s\u0103u interviu la un post de televiziune.<\/span><\/p>\n<p data-index=\"4\">\u00cen ceea ce prive\u0219te afirma\u021biile premierului Victor Ponta, care a declarat c\u0103 <a href=\"https:\/\/www.digi24.ro\/Stiri\/Digi24\/Actualitate\/Politica\/Victor+Ponta+Adrian+Nastase+Traian+Basescu+caz+Iulia+Timosenko\" target=\"_blank\" data-skip-linkfix=\"1\" rel=\"noopener\">Adrian N\u0103stase a fost condamnat politic<\/a> \u0219i c\u0103 situa\u021bia sa este comparabil\u0103 cu cea a Iuliei Timo\u0219enko, \u00een Ucrania, C\u0103t\u0103lin Predoiu a spus: \u201eDac\u0103 Victor Ponta era doar un membru de partid, f\u0103r\u0103 func\u021bie, poate chiar parlamentar, dar f\u0103r\u0103 a a exercita atribu\u021bii, inclusiv de reprezentare a statului rom\u00e2n, \u00een limita compepten\u021belor, puteai s\u0103 spui c\u0103 sunt declara\u021bii politice. Dar este premierul Rom\u00e2niei \u0219i este premierul unei \u021b\u0103ri care are un mecanism de cooperare \u0219i verificare, premierul unei \u021b\u0103ri care este \u00een focurile dezbaterii legate de Schengen, de credibilitatea noastr\u0103 externe, dup\u0103 p\u0103rerea mea este o imens\u0103 gre\u0219eal\u0103 care o s\u0103 at\u00e2rne foarte greu \u00een cariera domnului Ponta\u201d, a spus C\u0103t\u0103lin Predoiu. <\/p>\n<p data-index=\"5\">\u00cen ceea ce-l prive\u0219te pe ministrul Marilor Proiecte, Dan \u0218ova, care, la Digi24, a declarat c\u0103 <a href=\"https:\/\/www.digi24.ro\/Stiri\/Digi24\/Actualitate\/Justitie\/IMPARTIAL+Dan+Sova+In+cazul+Nastase+este+o+condamnare+politica+P\" target=\"_blank\" data-skip-linkfix=\"1\" rel=\"noopener\">sus\u021bine afirma\u021biile premierului<\/a>, C\u0103t\u0103lin Predoiu a comentat: \u201eDan \u0218ova e \u00een continuare avocat, nu \u00een\u021belege ce \u00eenseamn\u0103 s\u0103 fii ministru (&#8230;) Ace\u0219ti oameni nu \u00een\u021beleg pe ce scaune se afl\u0103, nici domnul Ponta, c\u00e2teoddat\u0103, nici domnul \u0218ova\u201d.<\/p>\n<p data-index=\"6\">Ministrul afirmase, tot la emisiunea Impar\u021bial, c\u0103 c\u0103 este de acord cu afirma\u021bia premierului Victor Ponta, potrivit c\u0103ruia fostul prim-ministru Adrian N\u0103stase a fost condamnat politic. \u201ePoate s\u0103 se supere CSM!\u201d, a subliniat el.<\/p>\n<\/div>\n<p> Source URL: https:\/\/www.digi24.ro\/stiri\/actualitate\/politica\/catalin-predoiu-declaratiile-procurorului-general-tiberiu-nitu-sunt-imprudente-si-regretabile-185134<\/p>\n","protected":false},"excerpt":{"rendered":"<p>\u201eAm privit foarte atent contextul. A fost o declara\u021bie f\u0103cut\u0103 \u00eenainte de a intra la CSM \u0219i, din c\u00e2te \u0219tiu, \u00eenainte de \u0219edin\u021ba Inspec\u021biei Judiciare. O declara\u021bie imprudent\u0103, din mai multe puncte de vedere. Contextul era o dezbatere politic\u0103 aprins\u0103 \u00eentre doi oameni politici, iar procurorul general a f\u0103cut un pas \u00een aceast\u0103 dezbatere, dup\u0103 [&hellip;]<\/p>\n","protected":false},"author":1,"featured_media":214441,"comment_status":"open","ping_status":"","sticky":false,"template":"","format":"standard","meta":{"footnotes":""},"categories":[2],"tags":[11],"class_list":["post-214440","post","type-post","status-publish","format-standard","has-post-thumbnail","hentry","category-politics","tag-digi24"],"_links":{"self":[{"href":"https:\/\/analyse.optim.biz\/index.php?rest_route=\/wp\/v2\/posts\/214440","targetHints":{"allow":["GET"]}}],"collection":[{"href":"https:\/\/analyse.optim.biz\/index.php?rest_route=\/wp\/v2\/posts"}],"about":[{"href":"https:\/\/analyse.optim.biz\/index.php?rest_route=\/wp\/v2\/types\/post"}],"author":[{"embeddable":true,"href":"https:\/\/analyse.optim.biz\/index.php?rest_route=\/wp\/v2\/users\/1"}],"replies":[{"embeddable":true,"href":"https:\/\/analyse.optim.biz\/index.php?rest_route=%2Fwp%2Fv2%2Fcomments&post=214440"}],"version-history":[{"count":0,"href":"https:\/\/analyse.optim.biz\/index.php?rest_route=\/wp\/v2\/posts\/214440\/revisions"}],"wp:featuredmedia":[{"embeddable":true,"href":"https:\/\/analyse.optim.biz\/index.php?rest_route=\/wp\/v2\/media\/214441"}],"wp:attachment":[{"href":"https:\/\/analyse.optim.biz\/index.php?rest_route=%2Fwp%2Fv2%2Fmedia&parent=214440"}],"wp:term":[{"taxonomy":"category","embeddable":true,"href":"https:\/\/analyse.optim.biz\/index.php?rest_route=%2Fwp%2Fv2%2Fcategories&post=214440"},{"taxonomy":"post_tag","embeddable":true,"href":"https:\/\/analyse.optim.biz\/index.php?rest_route=%2Fwp%2Fv2%2Ftags&post=214440"}],"curies":[{"name":"wp","href":"https:\/\/api.w.org\/{rel}","templated":true}]}}