{"id":214429,"date":"2014-01-15T23:46:07","date_gmt":"2014-01-15T20:46:07","guid":{"rendered":"https:\/\/analyse.optim.biz\/?p=214429"},"modified":"2014-01-15T23:46:07","modified_gmt":"2014-01-15T20:46:07","slug":"comasarea-referendumului-cu-europarlamentarele-c-predoiu-in-2009-a-fost-un-decret-prezidential-acum-este-o-decizie-politica-a-usl","status":"publish","type":"post","link":"https:\/\/analyse.optim.biz\/?p=214429","title":{"rendered":"Comasarea referendumului cu europarlamentarele. C. Predoiu: \u00cen 2009 a fost un decret preziden\u021bial, acum este o decizie politic\u0103 a USL"},"content":{"rendered":"<div class=\"entry data-app-meta data-app-meta-article\" data-embed-base-url-canonical=\"https:\/\/www.digi24.ro\/embed\/stiri\/actualitate\/politica\/comasarea-referendumului-cu-europarlamentarele-c-predoiu-in-2009-a-fost-un-decret-prezidential-acum-este-o-decizie-politica-a-usl-185153\">\n<p data-index=\"1\">Ast\u0103zi, premierul Victor Ponta a invocat o ordonan\u021b\u0103 de urgen\u021b\u0103 din octombrie 2009, care f\u0103cea referire la comasarea unui referendum cu alegerile preziden\u021biale, sus\u021bin\u00e2nd c\u0103 aceast\u0103 ordonan\u021b\u0103 a fost f\u0103cut\u0103 de Emil Boc \u201esub \u00eendrumarea profesionist\u0103 a lui C\u0103t\u0103lin Predoiu\u201d.<\/p>\n<p data-index=\"2\">\u201e<span>Referendumul din 2009 a fost convocat de c\u0103tre pre\u0219edinte. Odat\u0103 ce pre\u0219edintele a emis decretul, Guvernul avea obliga\u021bia legal\u0103 \u0219i constitu\u021bional\u0103 s\u0103 organizeze referendumul. Guvernul a pus \u00een mi\u0219care acest referendum ca urmare a emiterii decretului preziden\u021bial. Repet, Guvernul organizeaz\u0103 punerea \u00een executare a legilor, Guvernul organizeaz\u0103 administra\u021bia, referendumul a fost organizat de administra\u021bie \u0219i era absolut necesar s\u0103 emit\u0103 un act normativ care s\u0103 organizeze acest referendum, repet, convocat de c\u0103tre pre\u0219edinte\u201d, a spus C\u0103t\u0103lin Predoiu.<\/span><\/p>\n<p data-index=\"3\">\u201e\u00cen plus, actul normativ era necesar pentru c\u0103 trebuia pus\u0103 de acord legea privind referendumul, 3\/2000, cu o decizie a Cur\u021bii Constitu\u021bionale, care invalidase un articol din aceast\u0103 lege. Sper s\u0103 nu m\u0103 \u00een\u0219el, articolul 3 intrase \u00een coliziune cu articolul 76 din Constitu\u021bie. Din punct de vedere legal, totul a fost perfect \u0219i a stat \u00een picioare. Nu e nicio contradic\u021bie \u00een pozi\u021bia de acum \u0219i pozi\u021bia de atunci\u201d, a ad\u0103ugat el.<\/p>\n<p data-index=\"4\">\u201eAcum noi vorbim de o decizie politic\u0103 pe care a luat-o USL de a combina un referendum privind modificarea Constitu\u021biei cu alegeri europarlamentare, care au cu totul o alt\u0103 adresabilitate\u201d, a declarat C\u0103t\u0103lin Predoiu \u00een emisiunea Impar\u021bial.<\/p>\n<p data-index=\"5\">\u201e<span>Exist\u0103 riscul ca aceste teme diferite s\u0103 altereze voin\u021ba electoratul, pentru c\u0103 nu toat\u0103 lumea este expert\u0103 \u00een probleme europene \u0219i \u00een drept constitu\u021bional. O s\u0103 spune\u021bi, a mai fost c\u00e2ndva un referendum cuplat cu europarlamentare, dar privea o problem\u0103 simpl\u0103, punctual\u0103, singular\u0103: votul uninominal\u201d, a punctat fostul ministru al Justi\u021biei.<\/span><\/p>\n<p data-index=\"6\">Pre\u015fedintele PNL, Crin Antonescu, a declarat, luni, dup\u0103 \u015fedin\u0163a USL, \u00eentr-o conferin\u0163\u0103 de pres\u0103 sus\u0163inut\u0103 al\u0103turi de\u00a0Victor Ponta, c\u0103 USL a decis organizarea referendumului pentru modificarea Constitu\u0163iei odat\u0103 cu europarlamentarele.<\/p>\n<p data-index=\"7\">La r\u00e2ndul s\u0103u, premierul Victor Ponta a declarat c\u0103 referendumul ar putea dura dou\u0103 zile.<\/p>\n<\/div>\n<p> Source URL: https:\/\/www.digi24.ro\/stiri\/actualitate\/politica\/comasarea-referendumului-cu-europarlamentarele-c-predoiu-in-2009-a-fost-un-decret-prezidential-acum-este-o-decizie-politica-a-usl-185153<\/p>\n","protected":false},"excerpt":{"rendered":"<p>Ast\u0103zi, premierul Victor Ponta a invocat o ordonan\u021b\u0103 de urgen\u021b\u0103 din octombrie 2009, care f\u0103cea referire la comasarea unui referendum cu alegerile preziden\u021biale, sus\u021bin\u00e2nd c\u0103 aceast\u0103 ordonan\u021b\u0103 a fost f\u0103cut\u0103 de Emil Boc \u201esub \u00eendrumarea profesionist\u0103 a lui C\u0103t\u0103lin Predoiu\u201d. \u201eReferendumul din 2009 a fost convocat de c\u0103tre pre\u0219edinte. Odat\u0103 ce pre\u0219edintele a emis decretul, [&hellip;]<\/p>\n","protected":false},"author":1,"featured_media":214430,"comment_status":"open","ping_status":"","sticky":false,"template":"","format":"standard","meta":{"footnotes":""},"categories":[2],"tags":[11],"class_list":["post-214429","post","type-post","status-publish","format-standard","has-post-thumbnail","hentry","category-politics","tag-digi24"],"_links":{"self":[{"href":"https:\/\/analyse.optim.biz\/index.php?rest_route=\/wp\/v2\/posts\/214429","targetHints":{"allow":["GET"]}}],"collection":[{"href":"https:\/\/analyse.optim.biz\/index.php?rest_route=\/wp\/v2\/posts"}],"about":[{"href":"https:\/\/analyse.optim.biz\/index.php?rest_route=\/wp\/v2\/types\/post"}],"author":[{"embeddable":true,"href":"https:\/\/analyse.optim.biz\/index.php?rest_route=\/wp\/v2\/users\/1"}],"replies":[{"embeddable":true,"href":"https:\/\/analyse.optim.biz\/index.php?rest_route=%2Fwp%2Fv2%2Fcomments&post=214429"}],"version-history":[{"count":0,"href":"https:\/\/analyse.optim.biz\/index.php?rest_route=\/wp\/v2\/posts\/214429\/revisions"}],"wp:featuredmedia":[{"embeddable":true,"href":"https:\/\/analyse.optim.biz\/index.php?rest_route=\/wp\/v2\/media\/214430"}],"wp:attachment":[{"href":"https:\/\/analyse.optim.biz\/index.php?rest_route=%2Fwp%2Fv2%2Fmedia&parent=214429"}],"wp:term":[{"taxonomy":"category","embeddable":true,"href":"https:\/\/analyse.optim.biz\/index.php?rest_route=%2Fwp%2Fv2%2Fcategories&post=214429"},{"taxonomy":"post_tag","embeddable":true,"href":"https:\/\/analyse.optim.biz\/index.php?rest_route=%2Fwp%2Fv2%2Ftags&post=214429"}],"curies":[{"name":"wp","href":"https:\/\/api.w.org\/{rel}","templated":true}]}}