{"id":214407,"date":"2014-01-16T11:22:36","date_gmt":"2014-01-16T08:22:36","guid":{"rendered":"https:\/\/analyse.optim.biz\/?p=214407"},"modified":"2014-01-16T11:22:36","modified_gmt":"2014-01-16T08:22:36","slug":"catalin-ivan-psd-ne-mentinem-pozitia-nu-au-existat-probe-in-cazul-nastase-este-o-declaratie-asumata-de-intreg-partidul","status":"publish","type":"post","link":"https:\/\/analyse.optim.biz\/?p=214407","title":{"rendered":"C\u0103t\u0103lin Ivan, PSD: Ne men\u021binem pozi\u021bia, nu au existat probe \u00een cazul N\u0103stase, este o declara\u021bie asumat\u0103 de \u00eentreg partidul"},"content":{"rendered":"<div class=\"entry data-app-meta data-app-meta-article\" data-embed-base-url-canonical=\"https:\/\/www.digi24.ro\/embed\/stiri\/actualitate\/politica\/catalin-ivan-psd-ne-mentinem-pozitia-nu-au-existat-probe-in-cazul-nastase-este-o-declaratie-asumata-de-intreg-partidul-185318\">\n<p data-index=\"1\">\u201eNoi ne men\u021binem pozi\u021bia, pentru c\u0103 sunt evidente&#8230;Toat\u0103 argumenta\u021bia Cur\u021bii \u0219i ce au scris negru pe alb judec\u0103torii la prima condamnare, motivarea, arat\u0103 foarte clar c\u0103 nu au existat probe directe care s\u0103-l acuze pe N\u0103stase de ceva \u0219i totu\u0219i a f\u0103cut pu\u0219c\u0103rie\u201d, a argumentat la <strong>Digi24<\/strong> purt\u0103torul de cuv\u00e2nt al PSD, <strong>C\u0103t\u0103lin Ivan<\/strong>.<\/p>\n<p data-index=\"2\">\u00centrebat despre afirma\u021biile pre\u0219edintelui \u00cenaltei Cur\u021bi de Casa\u021bie \u0219i Justi\u021bie, <a href=\"https:\/\/www.digi24.ro\/Stiri\/Digi24\/Actualitate\/Justitie\/Livia+Stanciu+presedintele+ICCJ+Premierul+sa+nu+mai+faca+afirmat\" target=\"_blank\" data-skip-linkfix=\"1\" rel=\"noopener\">Livia Stanciu, care l-a acuzat pe premier c\u0103 prin declara\u021biile sale contribuie la decredibilizarea justi\u021biei<\/a>, C\u0103t\u0103lin Ivan a replicat c\u0103 \u201ecel care a decredibilizat judei\u021bia a fost Traian B\u0103sescu \u00een cei nou\u0103 ani c\u00e2nd a \u00eencercat s\u0103 controleze justi\u021bia\u201d. Traian B\u0103sescu a spus public care sunt cheile prin care po\u021bi controla justi\u021bia, a recunoscut c\u0103 sun\u0103 procurorii, regimul lui a fost puternic \u0219i pentru c\u0103 el a avut aceast\u0103 obsesie de a controla justi\u021bia, a argumentat C\u0103t\u0103lin Ivan.<\/p>\n<p data-index=\"3\">\u00centrebat dac\u0103 \u00eel va sf\u0103tui pe premier s\u0103-\u0219i retracteze declara\u021biile anterioare, purt\u0103torul de cuv\u00e2nt al PSD a subliniat c\u0103 \u201e<strong>pre\u0219edintele PSD a spus ceea ce g\u00e2ndesc 99,9% dintre membrii PSD \u0219i nu numai. Este o declara\u021bie asumat\u0103 nu numai de Victor Ponta, ci de \u00eentreg partidul<\/strong>\u201d, a punctat C\u0103t\u0103lin Ivan.<\/p>\n<p data-index=\"4\">El a recunoscut \u00eens\u0103 c\u0103 \u201eacum justi\u021bia trebuie repus\u0103 \u00een drepturi \u0219i recredibilizat\u0103, iar toate \u00eencerc\u0103rile de politizare trebuie blocate\u201d.<\/p>\n<\/div>\n<p> Source URL: https:\/\/www.digi24.ro\/stiri\/actualitate\/politica\/catalin-ivan-psd-ne-mentinem-pozitia-nu-au-existat-probe-in-cazul-nastase-este-o-declaratie-asumata-de-intreg-partidul-185318<\/p>\n","protected":false},"excerpt":{"rendered":"<p>\u201eNoi ne men\u021binem pozi\u021bia, pentru c\u0103 sunt evidente&#8230;Toat\u0103 argumenta\u021bia Cur\u021bii \u0219i ce au scris negru pe alb judec\u0103torii la prima condamnare, motivarea, arat\u0103 foarte clar c\u0103 nu au existat probe directe care s\u0103-l acuze pe N\u0103stase de ceva \u0219i totu\u0219i a f\u0103cut pu\u0219c\u0103rie\u201d, a argumentat la Digi24 purt\u0103torul de cuv\u00e2nt al PSD, C\u0103t\u0103lin Ivan. \u00centrebat [&hellip;]<\/p>\n","protected":false},"author":1,"featured_media":214408,"comment_status":"open","ping_status":"","sticky":false,"template":"","format":"standard","meta":{"footnotes":""},"categories":[2],"tags":[11],"class_list":["post-214407","post","type-post","status-publish","format-standard","has-post-thumbnail","hentry","category-politics","tag-digi24"],"_links":{"self":[{"href":"https:\/\/analyse.optim.biz\/index.php?rest_route=\/wp\/v2\/posts\/214407","targetHints":{"allow":["GET"]}}],"collection":[{"href":"https:\/\/analyse.optim.biz\/index.php?rest_route=\/wp\/v2\/posts"}],"about":[{"href":"https:\/\/analyse.optim.biz\/index.php?rest_route=\/wp\/v2\/types\/post"}],"author":[{"embeddable":true,"href":"https:\/\/analyse.optim.biz\/index.php?rest_route=\/wp\/v2\/users\/1"}],"replies":[{"embeddable":true,"href":"https:\/\/analyse.optim.biz\/index.php?rest_route=%2Fwp%2Fv2%2Fcomments&post=214407"}],"version-history":[{"count":0,"href":"https:\/\/analyse.optim.biz\/index.php?rest_route=\/wp\/v2\/posts\/214407\/revisions"}],"wp:featuredmedia":[{"embeddable":true,"href":"https:\/\/analyse.optim.biz\/index.php?rest_route=\/wp\/v2\/media\/214408"}],"wp:attachment":[{"href":"https:\/\/analyse.optim.biz\/index.php?rest_route=%2Fwp%2Fv2%2Fmedia&parent=214407"}],"wp:term":[{"taxonomy":"category","embeddable":true,"href":"https:\/\/analyse.optim.biz\/index.php?rest_route=%2Fwp%2Fv2%2Fcategories&post=214407"},{"taxonomy":"post_tag","embeddable":true,"href":"https:\/\/analyse.optim.biz\/index.php?rest_route=%2Fwp%2Fv2%2Ftags&post=214407"}],"curies":[{"name":"wp","href":"https:\/\/api.w.org\/{rel}","templated":true}]}}