{"id":214404,"date":"2014-01-16T16:31:31","date_gmt":"2014-01-16T13:31:31","guid":{"rendered":"https:\/\/analyse.optim.biz\/?p=214404"},"modified":"2014-01-16T16:31:31","modified_gmt":"2014-01-16T13:31:31","slug":"crin-antonescu-nu-e-de-acord-cu-desfiintarea-dna-ceruta-de-nicusor-constantinescu","status":"publish","type":"post","link":"https:\/\/analyse.optim.biz\/?p=214404","title":{"rendered":"Crin Antonescu nu e de acord cu desfiin\u021barea DNA, cerut\u0103 de Nicu\u0219or Constantinescu"},"content":{"rendered":"<div class=\"entry data-app-meta data-app-meta-article\" data-embed-base-url-canonical=\"https:\/\/www.digi24.ro\/embed\/stiri\/actualitate\/politica\/crin-antonescu-nu-e-de-acord-cu-desfiintarea-dna-ceruta-de-nicusor-constantinescu-185585\">\n<p data-index=\"1\"><img decoding=\"async\" src=\"https:\/\/analyse.optim.biz\/wp-content\/uploads\/2024\/09\/ptnhmtnjymi4ntzimgfimtbkzjq5ztc1owu4mmm5yjrj-thumb_.jpg\" data-skip-htmlfix=\"1\" title=\"ptnhmtnjymi4ntzimgfimtbkzjq5ztc1owu4mmm5yjrj-thumb_\"><\/p>\n<p data-index=\"2\">Crin Antonescu a fost \u00eentrebat cum vede <a href=\"https:\/\/www.digi24.ro\/Stiri\/Digi24\/Actualitate\/Politica\/Comunicat+CJ+Constanta+Nicusor+Constantinescu+cere+Parlamentului\" target=\"_blank\" data-skip-linkfix=\"1\" rel=\"noopener\">declara\u0163ia CJ Constan\u0163a<\/a> privind desfiin\u0163area DNA printr-o m\u0103sur\u0103 legislativ\u0103 \u015fi dac\u0103 este de acord cu o astfel de idee.<\/p>\n<p data-index=\"3\"><strong>\u201eE o declara\u0163ie a PSD Constan\u0163a, nu a USL sau nu a PNL. Eu nu sunt de acord cu ea, e dreptul lor s\u0103 o fac\u0103, dar eu cred c\u0103 e o declara\u0163ie care nu face bine PSD, e o declara\u0163ie dat\u0103 a\u015fa \u00een \u00eemprejur\u0103ri mai tulburate \u015fi categoric PNL dezavueaz\u0103 o asemenea formul\u0103. Presupun c\u0103 \u015fi conducerea central\u0103 a PSD o va dezavua\u201d<\/strong>, a afirmat Antonescu, citat de Mediafax.<\/p>\n<p data-index=\"4\">\u201ePre\u0219edintele Consiliului Jude\u021bean, Nicu\u0219or Constantinescu cere Parlamentului Rom\u00e2niei desfiin\u021barea prin lege a Direc\u021biei Na\u021bionale Anticorup\u021bie, un aparat odios de poli\u021bie politic\u0103 aflat la \u00eendem\u00e2na lui Traian B\u0103sescu \u0219i care s-a plasat prin ac\u021biunile sale deasupra justi\u021biei rom\u00e2ne \u0219i a statului de drept\u201d, se arat\u0103 \u00een comunicatul CJ Constan\u021ba de ieri.<\/p>\n<h5>CSM a sesizat Inspec\u021bia Judiciar\u0103<\/h5>\n<p data-index=\"5\">Plenul Consiliului Superior al Magistraturii a decis, joi, s\u0103 sesizeze Inspec\u0163ia Judiciar\u0103 \u00een cazul afirma\u0163iilor f\u0103cute de pre\u015fedintele CJ Constan\u0163a, Nicu\u015for Constantinescu, cu privire la Direc\u0163ia Na\u0163ional\u0103 Anticorup\u0163ie, pe care a numit-o \u201epoli\u0163ie politic\u0103\u201d, sus\u0163in\u00e2nd c\u0103 ar trebui desfiin\u0163at\u0103.<\/p>\n<p data-index=\"6\">Sesizarea Inspec\u0163iei Judiciare vizeaz\u0103 at\u00e2t declara\u0163iile f\u0103cute de Nicu\u015for Constantinescu dup\u0103 ce a fost ridicat \u00een baza unui mandat \u015fi dus la sediul DNA Constan\u0163a, c\u00e2t \u015fi pozi\u0163ia Consiliului Jude\u0163ean Contan\u0163a, expus\u0103 \u00eentr-un comunicat de pres\u0103.<\/p>\n<p data-index=\"7\">Pre\u015fedintele CJ Constan\u0163a, Nicu\u015for Constantinescu, a declarat miercuri, la ie\u015firea de la Direc\u0163ia Na\u0163ional\u0103 Anticorup\u0163ie, c\u0103 va face pl\u00e2ngere la Parchet pentru modul \u00een care a fost ridicat, \u201eca un animal\u201d, de c\u0103tre procurorii DNA, pe care \u00eei acuz\u0103 de abuz \u015fi poli\u0163ie politic\u0103, el spun\u00e2nd c\u0103 este \u201ejignitor\u201d ce s-a \u00eent\u00e2mplat.<\/p>\n<p data-index=\"8\"><strong>\u201eAm fost ridicat \u00eentr-o manier\u0103 poli\u0163ieneasc\u0103, mili\u0163ieneasc\u0103, cu luare, cu prindere, suprindere, a unui ales local care nici nu \u015ftie acuza\u0163iile. Este un mare abuz, o mare gravitate pentru Rom\u00e2nia \u015fi ne mai mir\u0103m apoi de ce ne merge r\u0103u\u201d<\/strong>, a spus Constantinescu.<\/p>\n<p data-index=\"9\">Pre\u015fedintele Consiliului Jude\u0163ean Constan\u0163a, Nicu\u015for Constantinescu, a fost ridicat de procurorii anticorup\u0163ie, miercuri, din fa\u0163a sediului CJ, \u015fi dus la audieri la DNA. \u00cen momentul \u00een care a fost ridicat de anchetatori, Constantinescu a \u00eencercat s\u0103 se opun\u0103 \u015fi a refuzat s\u0103 fie urcat \u00een ma\u015fina procurorilor, el reclam\u00e2nd c\u0103 se face un abuz \u00eentruc\u00e2t nu a fost citat s\u0103 se prezinte.<\/p>\n<p data-index=\"10\">Ulterior, DNA a anun\u0163at c\u0103 Nicu\u015for Constantinescu este urm\u0103rit penal pentru abuz \u00een serviciu contra intereselor publice, dup\u0103 ce ar fi dispus efectuarea unor pl\u0103\u0163i nelegale \u00een valoare total\u0103 de 23.105.903,62 lei (peste 5 milioane de euro). Procurorii au dispus m\u0103sura interdic\u021biei de a p\u0103r\u0103si \u021bara, care <a href=\"https:\/\/www.digi24.ro\/Stiri\/Regional\/Digi24+Constanta\/Stiri\/Liber+sa+plece+din+tara+Nicusor+Constantinescu+va+zbura+maine+di\" target=\"_blank\" data-skip-linkfix=\"1\" rel=\"noopener\">a fost ridicat\u0103 joi<\/a>, dup\u0103 ce a fost atacat\u0103 de Nicu\u0219or Constantinescu din motive medicale.<\/p>\n<\/div>\n<p> Source URL: https:\/\/www.digi24.ro\/stiri\/actualitate\/politica\/crin-antonescu-nu-e-de-acord-cu-desfiintarea-dna-ceruta-de-nicusor-constantinescu-185585<\/p>\n","protected":false},"excerpt":{"rendered":"<p>Crin Antonescu a fost \u00eentrebat cum vede declara\u0163ia CJ Constan\u0163a privind desfiin\u0163area DNA printr-o m\u0103sur\u0103 legislativ\u0103 \u015fi dac\u0103 este de acord cu o astfel de idee. \u201eE o declara\u0163ie a PSD Constan\u0163a, nu a USL sau nu a PNL. Eu nu sunt de acord cu ea, e dreptul lor s\u0103 o fac\u0103, dar eu cred [&hellip;]<\/p>\n","protected":false},"author":1,"featured_media":214405,"comment_status":"open","ping_status":"","sticky":false,"template":"","format":"standard","meta":{"footnotes":""},"categories":[2],"tags":[11],"class_list":["post-214404","post","type-post","status-publish","format-standard","has-post-thumbnail","hentry","category-politics","tag-digi24"],"_links":{"self":[{"href":"https:\/\/analyse.optim.biz\/index.php?rest_route=\/wp\/v2\/posts\/214404","targetHints":{"allow":["GET"]}}],"collection":[{"href":"https:\/\/analyse.optim.biz\/index.php?rest_route=\/wp\/v2\/posts"}],"about":[{"href":"https:\/\/analyse.optim.biz\/index.php?rest_route=\/wp\/v2\/types\/post"}],"author":[{"embeddable":true,"href":"https:\/\/analyse.optim.biz\/index.php?rest_route=\/wp\/v2\/users\/1"}],"replies":[{"embeddable":true,"href":"https:\/\/analyse.optim.biz\/index.php?rest_route=%2Fwp%2Fv2%2Fcomments&post=214404"}],"version-history":[{"count":0,"href":"https:\/\/analyse.optim.biz\/index.php?rest_route=\/wp\/v2\/posts\/214404\/revisions"}],"wp:featuredmedia":[{"embeddable":true,"href":"https:\/\/analyse.optim.biz\/index.php?rest_route=\/wp\/v2\/media\/214405"}],"wp:attachment":[{"href":"https:\/\/analyse.optim.biz\/index.php?rest_route=%2Fwp%2Fv2%2Fmedia&parent=214404"}],"wp:term":[{"taxonomy":"category","embeddable":true,"href":"https:\/\/analyse.optim.biz\/index.php?rest_route=%2Fwp%2Fv2%2Fcategories&post=214404"},{"taxonomy":"post_tag","embeddable":true,"href":"https:\/\/analyse.optim.biz\/index.php?rest_route=%2Fwp%2Fv2%2Ftags&post=214404"}],"curies":[{"name":"wp","href":"https:\/\/api.w.org\/{rel}","templated":true}]}}