{"id":214372,"date":"2014-01-17T13:25:48","date_gmt":"2014-01-17T10:25:48","guid":{"rendered":"https:\/\/analyse.optim.biz\/?p=214372"},"modified":"2014-01-17T13:25:48","modified_gmt":"2014-01-17T10:25:48","slug":"dragnea-nu-renuntam-la-descentralizare-am-pregatit-pasii-de-urmat-pentru-guvern-si-parlament","status":"publish","type":"post","link":"https:\/\/analyse.optim.biz\/?p=214372","title":{"rendered":"Dragnea: Nu renun\u0163\u0103m la descentralizare. Am preg\u0103tit pa\u015fii de urmat pentru Guvern \u015fi Parlament"},"content":{"rendered":"<div class=\"entry data-app-meta data-app-meta-article\" data-embed-base-url-canonical=\"https:\/\/www.digi24.ro\/embed\/stiri\/actualitate\/politica\/dragnea-nu-renuntam-la-descentralizare-am-pregatit-pasii-de-urmat-pentru-guvern-si-parlament-186076\">\n<p data-index=\"1\"><img decoding=\"async\" src=\"https:\/\/analyse.optim.biz\/wp-content\/uploads\/2024\/09\/nmixodu5ntg2owe4ytjmnjqzntcwymzlytm-thumb_.jpg\" data-skip-htmlfix=\"1\" title=\"nmixodu5ntg2owe4ytjmnjqzntcwymzlytm-thumb_\"><\/p>\n<p data-index=\"2\">\u201eDiscut\u0103m (cu reprezentan\u0163ii PSD din teritoriu &#8211; n.r.) \u015fi despre descentralizare, pentru c\u0103 este un proiect la care nu renun\u0163\u0103m. O s\u0103 a\u015ftept\u0103m motivarea Cur\u0163ii \u015fi o s\u0103 continu\u0103m. Vedem ce spune Curtea, modific\u0103m ceea ce ne cere Curtea \u00een legea respectiv\u0103, pentru c\u0103 nu cred c\u0103 poate fi declarat neconstitu\u0163ional procesul \u00een sine de descentralizare\u201d, a spus Liviu Dragnea, citat de Mediafax.<\/p>\n<p data-index=\"3\">\u201eAm v\u0103zut foarte multe comentarii. Deocamdat\u0103, m\u0103 ab\u0163in p\u00e2n\u0103 v\u0103d <a href=\"https:\/\/www.digi24.ro\/Stiri\/Digi24\/Actualitate\/Politica\/Care+sunt+motivele+pentru+care+CCR+a+declarat+neconstitutionala+\" target=\"_blank\" data-skip-linkfix=\"1\" rel=\"noopener\">motivarea Cur\u0163ii<\/a> \u015fi am preg\u0103tit deja pa\u015fii care urmeaz\u0103 s\u0103-i facem ca Guvern \u015fi Parlament\u201d, a ad\u0103ugat Dragnea.<\/p>\n<p data-index=\"4\">El a precizat c\u0103 USL nu va renun\u0163a la descentralizare.<\/p>\n<p data-index=\"5\">\u201eAm fi printre pu\u0163inele \u0163\u0103ri, dac\u0103 nu singura \u0163ar\u0103 din UE, \u00eempreun\u0103 cu Bulgaria, care nu am avea descentralizare. P\u00e2n\u0103 la urm\u0103, decizia \u015fi puterea trebuie duse mai aproape de oameni, nu trebuie s\u0103 r\u0103m\u00e2n\u0103 la Bucure\u015fti, cu toate declara\u0163iile r\u0103zboinice pe care le-am auzit, cu toate afirma\u0163iile, cu toate a\u015fa-zisele analize. Mergem \u00eenainte, pentru c\u0103 este esen\u0163ial pentru reforma administra\u0163iei publice\u201d, a spus vicepremierul.<\/p>\n<p data-index=\"6\">Curtea Constitu\u0163ional\u0103 a decis c\u0103 Legea descentraliz\u0103rii, pentru care Guvernul \u015fi-a angajat r\u0103spunderea \u00een Parlament \u00een luna noiembrie, este neconstitu\u0163ional\u0103, admi\u0163\u00e2nd sesizarea formulat\u0103 de parlamentarii PDL.<\/p>\n<p data-index=\"7\">\u201eCu unanimitate de voturi, admite obiec\u0163ia de neconstitu\u0163ionalitate \u00een ceea ce prive\u015fte criticile de neconstitu\u0163ionalitate intrinsec\u0103 \u015fi constat\u0103 Legea privind stabilirea unor m\u0103suri de descentralizare a unor competen\u0163e exercitate de unele ministere \u015fi organe de specialitate ale administra\u0163iei publice centrale, precum \u015fi a unor m\u0103suri de reform\u0103 privind administra\u0163ia public\u0103, \u00een ansamblul ei, este neconstitu\u0163ional\u0103\u201d, se arat\u0103 \u00een decizia Cur\u0163ii.<\/p>\n<\/div>\n<p> Source URL: https:\/\/www.digi24.ro\/stiri\/actualitate\/politica\/dragnea-nu-renuntam-la-descentralizare-am-pregatit-pasii-de-urmat-pentru-guvern-si-parlament-186076<\/p>\n","protected":false},"excerpt":{"rendered":"<p>\u201eDiscut\u0103m (cu reprezentan\u0163ii PSD din teritoriu &#8211; n.r.) \u015fi despre descentralizare, pentru c\u0103 este un proiect la care nu renun\u0163\u0103m. O s\u0103 a\u015ftept\u0103m motivarea Cur\u0163ii \u015fi o s\u0103 continu\u0103m. Vedem ce spune Curtea, modific\u0103m ceea ce ne cere Curtea \u00een legea respectiv\u0103, pentru c\u0103 nu cred c\u0103 poate fi declarat neconstitu\u0163ional procesul \u00een sine de [&hellip;]<\/p>\n","protected":false},"author":1,"featured_media":214373,"comment_status":"open","ping_status":"","sticky":false,"template":"","format":"standard","meta":{"footnotes":""},"categories":[2],"tags":[11],"class_list":["post-214372","post","type-post","status-publish","format-standard","has-post-thumbnail","hentry","category-politics","tag-digi24"],"_links":{"self":[{"href":"https:\/\/analyse.optim.biz\/index.php?rest_route=\/wp\/v2\/posts\/214372","targetHints":{"allow":["GET"]}}],"collection":[{"href":"https:\/\/analyse.optim.biz\/index.php?rest_route=\/wp\/v2\/posts"}],"about":[{"href":"https:\/\/analyse.optim.biz\/index.php?rest_route=\/wp\/v2\/types\/post"}],"author":[{"embeddable":true,"href":"https:\/\/analyse.optim.biz\/index.php?rest_route=\/wp\/v2\/users\/1"}],"replies":[{"embeddable":true,"href":"https:\/\/analyse.optim.biz\/index.php?rest_route=%2Fwp%2Fv2%2Fcomments&post=214372"}],"version-history":[{"count":0,"href":"https:\/\/analyse.optim.biz\/index.php?rest_route=\/wp\/v2\/posts\/214372\/revisions"}],"wp:featuredmedia":[{"embeddable":true,"href":"https:\/\/analyse.optim.biz\/index.php?rest_route=\/wp\/v2\/media\/214373"}],"wp:attachment":[{"href":"https:\/\/analyse.optim.biz\/index.php?rest_route=%2Fwp%2Fv2%2Fmedia&parent=214372"}],"wp:term":[{"taxonomy":"category","embeddable":true,"href":"https:\/\/analyse.optim.biz\/index.php?rest_route=%2Fwp%2Fv2%2Fcategories&post=214372"},{"taxonomy":"post_tag","embeddable":true,"href":"https:\/\/analyse.optim.biz\/index.php?rest_route=%2Fwp%2Fv2%2Ftags&post=214372"}],"curies":[{"name":"wp","href":"https:\/\/api.w.org\/{rel}","templated":true}]}}