{"id":214358,"date":"2014-01-12T21:51:45","date_gmt":"2014-01-12T18:51:45","guid":{"rendered":"https:\/\/analyse.optim.biz\/?p=214358"},"modified":"2014-01-12T21:51:45","modified_gmt":"2014-01-12T18:51:45","slug":"crin-antonescu-la-digi24-nu-am-avut-o-solicitare-de-intrevedere-cu-victoria-nuland-daca-as-fi-avut-i-as-fi-dat-curs-cu-placere","status":"publish","type":"post","link":"https:\/\/analyse.optim.biz\/?p=214358","title":{"rendered":"Crin Antonescu, la Digi24: Nu am avut o solicitare de \u00eentrevedere cu Victoria Nuland. Dac\u0103 a\u0219 fi avut, i-a\u0219 fi dat curs cu pl\u0103cere"},"content":{"rendered":"<div class=\"entry data-app-meta data-app-meta-article\" data-embed-base-url-canonical=\"https:\/\/www.digi24.ro\/embed\/stiri\/actualitate\/politica\/crin-antonescu-la-digi24-nu-am-avut-o-solicitare-de-intrevedere-cu-victoria-nuland-daca-as-fi-avut-i-as-fi-dat-curs-cu-placere-182984\">\n<p data-index=\"1\">\u201e\u00cen general, \u00een momentul \u00een care un asemenea oficial vine \u00eentr-o \u021bar\u0103, solicit\u0103 ni\u0219te \u00eentrevederi. <em><strong>Nu eu \u00eei f\u0103ceam agenda doamnei Nuland \u0219i nu am avut nicio solicitare de \u00eentrevedere. Dac\u0103 a\u0219 fi avut, i-a\u0219 fi dat curs cu pl\u0103cere<\/strong><\/em>\u201d, a spus Crin Antonescu, \u00eentr-o interven\u021bie telefonic\u0103 \u00een emisiunea \u201eKilometrul 0\u201d.<\/p>\n<p data-index=\"2\">\u201e<em><strong>N-am avut-o. Este explicabil<\/strong><\/em>. \u00cen fond, domnia sa este o reprezentant\u0103 a Executivului, a avut \u00eent\u00e2lniri la nivelul cel mai \u00eenalt, cu pre\u0219edintele \u021b\u0103rii, cu ministrul de Externe\u201d, a mai spus liderul liberal. \u00a0<\/p>\n<p data-index=\"3\">\u00cen ceea ce prive\u0219te mesajul transmis de Victoria Nuland, care a cerut consolidarea statului de drept \u0219i s-a ar\u0103tat \u00eengrijorat\u0103 de a<span>tacurile la adresa independen\u0163ei sistemului judiciar,<\/span> Crin Antonescu a apreciat c\u0103 acesta \u201ea fost foarte clar\u201d.<\/p>\n<p data-index=\"4\">\u201eA spus c\u0103 nu intr\u0103 \u00een politica intern\u0103. Cred c\u0103 \u00een spa\u021biul invadat de at\u00e2ta propagand\u0103, din scena noastr\u0103 politic\u0103, lucrurile s-au exagerat foarte mult. <em><strong>Eu cred c\u0103 mesajul este adresat tuturor oamenilor politici<\/strong><\/em>\u201d, a mai declarat pre\u0219edintele PNL. \u00a0<\/p>\n<p data-index=\"5\">\u201e<em><strong>Eu cred c\u0103 pledoaria pentru independen\u0163a justi\u021biei nu trebuie citit\u0103 \u00een sensul atacului \u00eempotriva cut\u0103rui sau cut\u0103rui politician din Rom\u00e2nia. Este o pledoarie sincer\u0103, principial\u0103, fundamental\u0103, pe care to\u021bi trebuie s\u0103 o \u00een\u021belegem \u0219i s\u0103 o \u00eemp\u0103rt\u0103\u0219im<\/strong><\/em>\u201d, a apreciat Crin Antonescu.<\/p>\n<p data-index=\"6\">Pe de alt\u0103 parte, premierul Victor Ponta afirm\u0103 c\u0103 nu s-a \u00eent\u00e2lnit cu ajunctul secretarului american de Stat, Victoria Nuland, <a href=\"https:\/\/www.digi24.ro\/Stiri\/Digi24\/Actualitate\/Politica\/V+Ponta+despre+absenta+de+la+intalnirea+cu+Victoria+Nuland+Am+fo\" target=\"_blank\" data-skip-linkfix=\"1\" rel=\"noopener\"><strong>deoarece avea programat\u0103 o vizit\u0103 privat\u0103 de trei zile \u00een Italia.<\/strong><\/a><\/p>\n<h5><span>Care a fost scopul vizitei oficialului american<\/span><\/h5>\n<p data-index=\"7\">Vizita diplomatului american a avut loc \u00een contextul decla\u0163iilor care au \u00eengrijorat administra\u0163ia SUA privind independen\u0163a justi\u0163iei \u015fi statul de drept din Rom\u00e2nia.<\/p>\n<p data-index=\"8\"><strong>\u201eEste ingrijor\u0103tor c\u00e2nd\u00a0<a href=\"https:\/\/www.digi24.ro\/Stiri\/Digi24\/Actualitate\/Stiri\/Victoria+Nuland+a+doua+zi+in+Romania+Oficialul+american+se+intal\" target=\"_blank\" data-skip-linkfix=\"1\" rel=\"noopener\">exist\u0103 atacuri la adresa independen\u0163ei sistemului judiciar<\/a>, este \u00eengrijor\u0103tor c\u00e2nd politicieni din orice partid aleg s\u0103 intre \u00een dispute pe marginea deciziilor Justi\u0163iei\u201d<\/strong>, a declarat Victoria Nuland, \u00een cadrul unei \u00eent\u00e2lniri cu jurnali\u0219ti rom\u00e2ni.<\/p>\n<p data-index=\"9\">Oficialul american a ad\u0103ugat c\u0103 a fost un \u201eaccident\u201d faptul c\u0103 a sosit \u00een Rom\u00e2nia \u00eentr-un moment \u00een care premierul Victor Ponta avea alt program.<\/p>\n<p data-index=\"10\"><a href=\"https:\/\/www.digi24.ro\/Stiri\/Digi24\/Actualitate\/Stiri\/Presedintele+Basescu+se+intalneste+cu+Victoria+Nuland+in+aceasta\" target=\"_blank\" data-skip-linkfix=\"1\" rel=\"noopener\">Pre\u015fedintele Traian B\u0103sescu<\/a>\u00a0s-a \u00eent\u00e2lnit, vineri seara, cu adjunctul secretarului de stat american, Victoria Nuland, aflat \u00eentr-o vizit\u0103 de dou\u0103 zile \u00een Rom\u00e2nia.<\/p>\n<p data-index=\"11\">Cu toate c\u0103 \u00eentrevederea a fost anun\u0163at\u0103 oficial, jurnali\u015ftii nu au putut asista la discu\u0163ii. Imagini de la \u00eent\u00e2lnirea de aproximativ o or\u0103 au fost date publicit\u0103\u0163ii ulterior de Administra\u0163ia Preziden\u0163ial\u0103.<\/p>\n<p data-index=\"12\">Prezen\u021bi la \u00eent\u00e2lnire au fost \u0219i ata\u0219atul cu afaceri al ambasadei SUA, Duane Butcher, \u0219i consilierul preziden\u021bial Cristian Diaconescu.<\/p>\n<p data-index=\"13\">Tema principala a vizitei oficialului american \u00een Rom\u00e2nia a fost consolidarea statului de drept.\u00a0<\/p>\n<\/div>\n<p> Source URL: https:\/\/www.digi24.ro\/stiri\/actualitate\/politica\/crin-antonescu-la-digi24-nu-am-avut-o-solicitare-de-intrevedere-cu-victoria-nuland-daca-as-fi-avut-i-as-fi-dat-curs-cu-placere-182984<\/p>\n","protected":false},"excerpt":{"rendered":"<p>\u201e\u00cen general, \u00een momentul \u00een care un asemenea oficial vine \u00eentr-o \u021bar\u0103, solicit\u0103 ni\u0219te \u00eentrevederi. Nu eu \u00eei f\u0103ceam agenda doamnei Nuland \u0219i nu am avut nicio solicitare de \u00eentrevedere. Dac\u0103 a\u0219 fi avut, i-a\u0219 fi dat curs cu pl\u0103cere\u201d, a spus Crin Antonescu, \u00eentr-o interven\u021bie telefonic\u0103 \u00een emisiunea \u201eKilometrul 0\u201d. \u201eN-am avut-o. Este explicabil. [&hellip;]<\/p>\n","protected":false},"author":1,"featured_media":214359,"comment_status":"open","ping_status":"","sticky":false,"template":"","format":"standard","meta":{"footnotes":""},"categories":[2],"tags":[11],"class_list":["post-214358","post","type-post","status-publish","format-standard","has-post-thumbnail","hentry","category-politics","tag-digi24"],"_links":{"self":[{"href":"https:\/\/analyse.optim.biz\/index.php?rest_route=\/wp\/v2\/posts\/214358","targetHints":{"allow":["GET"]}}],"collection":[{"href":"https:\/\/analyse.optim.biz\/index.php?rest_route=\/wp\/v2\/posts"}],"about":[{"href":"https:\/\/analyse.optim.biz\/index.php?rest_route=\/wp\/v2\/types\/post"}],"author":[{"embeddable":true,"href":"https:\/\/analyse.optim.biz\/index.php?rest_route=\/wp\/v2\/users\/1"}],"replies":[{"embeddable":true,"href":"https:\/\/analyse.optim.biz\/index.php?rest_route=%2Fwp%2Fv2%2Fcomments&post=214358"}],"version-history":[{"count":0,"href":"https:\/\/analyse.optim.biz\/index.php?rest_route=\/wp\/v2\/posts\/214358\/revisions"}],"wp:featuredmedia":[{"embeddable":true,"href":"https:\/\/analyse.optim.biz\/index.php?rest_route=\/wp\/v2\/media\/214359"}],"wp:attachment":[{"href":"https:\/\/analyse.optim.biz\/index.php?rest_route=%2Fwp%2Fv2%2Fmedia&parent=214358"}],"wp:term":[{"taxonomy":"category","embeddable":true,"href":"https:\/\/analyse.optim.biz\/index.php?rest_route=%2Fwp%2Fv2%2Fcategories&post=214358"},{"taxonomy":"post_tag","embeddable":true,"href":"https:\/\/analyse.optim.biz\/index.php?rest_route=%2Fwp%2Fv2%2Ftags&post=214358"}],"curies":[{"name":"wp","href":"https:\/\/api.w.org\/{rel}","templated":true}]}}