{"id":214125,"date":"2014-01-23T15:26:42","date_gmt":"2014-01-23T12:26:42","guid":{"rendered":"https:\/\/analyse.optim.biz\/?p=214125"},"modified":"2014-01-23T15:26:42","modified_gmt":"2014-01-23T12:26:42","slug":"gabriel-oprea-va-asigura-interimatul-la-ministerul-de-interne-presedintele-a-semnat-decretul-de-desemnare-in-functie","status":"publish","type":"post","link":"https:\/\/analyse.optim.biz\/?p=214125","title":{"rendered":"Gabriel Oprea va asigura interimatul la Ministerul de Interne. Pre\u015fedintele a semnat decretul de desemnare \u00een func\u021bie"},"content":{"rendered":"<div class=\"entry data-app-meta data-app-meta-article\" data-embed-base-url-canonical=\"https:\/\/www.digi24.ro\/embed\/stiri\/actualitate\/politica\/gabriel-oprea-va-asigura-interimatul-la-ministerul-de-interne-presedintele-a-semnat-decretul-de-desemnare-in-functie-189331\">\n<p data-index=\"1\"><img decoding=\"async\" src=\"https:\/\/analyse.optim.biz\/wp-content\/uploads\/2024\/09\/owqyodrimdlmn2zhyzdmytblzwnhy2nimtkzyq-thumb_.jpg\" data-skip-htmlfix=\"1\" title=\"owqyodrimdlmn2zhyzdmytblzwnhy2nimtkzyq-thumb_\"><\/p>\n<p data-index=\"2\"><strong>Actualizare 15.59.<\/strong><a href=\"http:\/\/presidency.ro\/?_RID=det&amp;tb=date&amp;id=14778&amp;_PRID=lazi\" target=\"_blank\" data-skip-linkfix=\"1\" rel=\"noopener\">Traian B\u0103sescu a semnat decretul<\/a> prin care se ia act de demisia lui Radu Stroe, ministrul Afacerilor Interne, \u015fi se constat\u0103 \u00eencetarea func\u0163iei acestuia de membru al Guvernului. De asemenea, pre\u0219edintele a semnat decretul prin care se desemneaz\u0103 Gabriel Oprea, viceprim-ministru, ca ministru interimar al Afacerilor Interne.<\/p>\n<p data-index=\"3\">Premierul Victor Ponta a sus\u021binut joi o declara\u021bie de pres\u0103, la Palatul Victoria, \u00een care a anun\u021bat c\u0103 Gabriel Oprea va asigura interimatul la conducerea Ministerul Afacerilor Interne.<\/p>\n<p data-index=\"4\">\u0218eful Executivului a spus c\u0103 la 1 februarie va fi anun\u021bat\u0103 propunerea pentru preluarea func\u021biei de ministru de Interne.<\/p>\n<p data-index=\"5\">Anun\u021bul vine dup\u0103 ce <strong><a href=\"https:\/\/www.digi24.ro\/Stiri\/Digi24\/Actualitate\/Politica\/Surse+Radu+Stroe+demisie+ministru+MAI\" target=\"_blank\" data-skip-linkfix=\"1\" rel=\"noopener\">Radu Stroe \u0219i-a dat demisia de la conducerea MAI<\/a><\/strong>, ca urmare a accidentului aviatic din Apuseni.<\/p>\n<h5>Artizan al ultimei scind\u0103ri a PSD<\/h5>\n<p data-index=\"6\">Gabriel Oprea, liderul UNPR, de\u0163ine o func\u0163ie onorific\u0103, de vicepremier, \u00een Cabinetul Ponta II, el nu are portofoliu, \u00een virtutea asocierii forma\u0163iunii sale cu USL \u015fi a particip\u0103rii la alegeri \u00eempreun\u0103, dar \u015fi a unei viitoare fuziuni a UNPR cu PSD \u015fi reunific\u0103ri a st\u00e2ngii, potrivit Mediafax.<\/p>\n<p data-index=\"7\">Gabriel Oprea <strong>face parte din garda veche a PSD<\/strong> \u0219i este artizanul, \u00eempreun\u0103 cu Marian S\u00e2rbu, Cristian Diaconescu \u015fi Neculai On\u0163anu, a ultimei scind\u0103ri a PSD, din 2010, concomitent\u0103 cu preluarea de c\u0103tre Victor Ponta a mandatului de pre\u015fedinte al forma\u0163iunii.<\/p>\n<p data-index=\"8\">Ponta nu a reu\u015fit s\u0103 \u00eempiedice la momentul respectiv scindarea, iar lucrurile au evoluat c\u0103tre constituirea unei noi forma\u0163iuni politice, UNPR, care a sprijinit \u00een Parlament guvernele succesive Emil Boc, prin grupurile parlamentare ale progresi\u015ftilor &#8211; nou \u00eenfiin\u0163ate &#8211; dar \u015fi particip\u00e2nd la actul de guvernare cu mini\u015ftri, Oprea de\u0163in\u00e2nd portofoliul de ministru al Ap\u0103r\u0103rii.<\/p>\n<p data-index=\"9\">Victor Ponta s-a exprimat \u00een repetate r\u00e2nduri \u00een favoarea reunific\u0103rii, sub mandatul s\u0103u, a st\u00e2ngii, el viz\u00e2nd ca la Congresul PSD din februarie 2013 PSD \u015fi UNPR s\u0103 fuzioneze, iar doi lideri ai UNPR s\u0103 ob\u0163in\u0103 func\u0163iile de viitori vicepre\u015fedin\u0163i ai PSD.<\/p>\n<p data-index=\"10\">Rela\u0163iile dintre Ponta \u015fi Oprea au fost unele tensionate, cel pu\u0163in \u00een ceea ce prive\u015fte declara\u0163iile publice ale celor doi, de\u015fi acestea nu au fost tot timpul a\u015fa, Oprea fiind \u015fi na\u015ful primului copil al lui Ponta.<\/p>\n<p data-index=\"11\">Oprea a fost membru al PSD din 2003 p\u00e2n\u0103 \u00een 2009. El \u015fi-a anun\u0163at demisia din PSD, unde a fost lider al filialei Ilfov, \u00een 15 ianuarie 2009, la dou\u0103 zile dup\u0103 ce a p\u0103r\u0103sit func\u0163ia de ministru al Administra\u0163iei \u015fi Internelor.<\/p>\n<h5>Gabriel Oprea, ministru \u0219i \u00een alte guverne<\/h5>\n<p data-index=\"12\">Oprea a fost mai pu\u0163in de o lun\u0103 ministru al Administra\u0163iei \u015fi Internelor \u00een Guvernul PSD-PDL, \u00eentre decembrie 2008 \u015fi ianuarie 2009.<\/p>\n<p data-index=\"13\">El a demisionat, dup\u0103 20 de zile de la numire, de la conducerea MAI, ca urmare a faptului c\u0103 PSD i-a retras sprijinul politic \u00eentruc\u00e2t nu s-a consultat cu partidul la numirea secretarilor de stat, inclusiv a lui Virgil Ardelean la DGIPI.<\/p>\n<p data-index=\"14\">\u00cen perioada 2003-2004, Oprea a fost ministru delegat pentru Administratia Public\u0103, \u00een Guvernul N\u0103stase.<\/p>\n<p data-index=\"15\">El a de\u0163inut, \u00een perioada 2002-2003, \u015fi func\u0163ia de prefect al Capitalei.<\/p>\n<p data-index=\"16\">\u00cenainte de 2002, el a mai de\u0163inut func\u0163iile de pre\u015fedinte al Administra\u0163iei Na\u0163ionale a Rezervelor de Stat, director adjunct al Colegiului Na\u0163ional de Ap\u0103rare. El a fost ofi\u0163er de justi\u0163ie militar\u0103 \u015fi ofi\u0163er \u00een Ministerul Ap\u0103r\u0103rii Na\u0163ionale.<\/p>\n<h5>CV: conduc\u0103tor de doctorat la Academia Na\u0163ional\u0103 de Informa\u0163ii<\/h5>\n<p data-index=\"17\">Gabriel Oprea s-a n\u0103scut la 1 ianuarie 1961, \u00een comuna Fundulea, din jude\u0163ul C\u0103l\u0103ra\u015fi. Este c\u0103s\u0103torit \u015fi are doi copii.<\/p>\n<p data-index=\"18\">Gabriel Oprea este doctor \u00een drept la Universitatea Bucure\u015fti, a absolvit Colegiul Na\u0163ional de Ap\u0103rare, cursul postuniversitar pe teme de securitate \u015fi siguran\u0163\u0103 na\u0163ional\u0103, Facultatea de Drept, Universitatea Bucure\u015fti \u015fi \u015ecoala militar\u0103 de ofi\u0163eri Sibiu, specializarea intenden\u0163\u0103.<\/p>\n<p data-index=\"19\">El este profesor universitar, conduc\u0103tor de doctorat la Academia Na\u0163ional\u0103 de Informa\u0163ii.<\/p>\n<p data-index=\"20\">\u00cen anul 2000 a fost decorat cu Ordinul Na\u0163ional \u201eSteaua Rom\u00e2niei\u201d \u00een grad de Cavaler, iar un an mai t\u00e2rziu, \u00een 2001, cu Ordinul Na\u0163ional \u201eServiciul Credincios\u201d \u00een grad de Cavaler.<\/p>\n<p data-index=\"21\">Din octombrie 2009, c\u00e2nd a fost \u00eenaintat \u00een grad prin decret al pre\u015fedintelui Traian B\u0103sescu, este <strong>general cu patru stele \u00een rezerv\u0103.<\/strong><\/p>\n<h5>Ce avere are noul \u0219ef interimar al MAI<\/h5>\n<p data-index=\"22\">Oprea are <strong>dou\u0103 terenuri intravilane<\/strong> &#8211; \u00een suprafa\u0163\u0103 de 3.245,85 metri p\u0103tra\u021bi, respectiv de 950 de metri p\u0103tra\u021bi \u00een ora\u015ful Voluntari.<\/p>\n<p data-index=\"23\">El de\u0163ine, de asemenea, <strong>o cas\u0103 de locuit \u00een Voluntari-Pipera<\/strong>, \u00een suprafa\u0163\u0103 de 817,92 de metri p\u0103ra\u021bi, <strong>o cas\u0103 de locuit \u00een Bucure\u015fti<\/strong> \u00een suprafa\u0163\u0103 de 828 metri p\u0103tra\u021bi, \u00eenc\u0103 <strong>o cas\u0103 de locuit \u00een Bucure\u015fti<\/strong> \u00een suprafa\u0163\u0103 de aproximativ 467 de metri p\u0103tra\u021bi, precum \u015fi <strong>dou\u0103 apartamente \u00een Capital\u0103.<\/strong><\/p>\n<p data-index=\"24\">Oprea mai are o <strong>cas\u0103 de vacan\u0163\u0103 la Predeal<\/strong>, \u00een suprafa\u0163\u0103 de circa 150 de metri p\u0103tra\u021bi \u015fi <strong>o cas\u0103 de vacan\u0163\u0103 \u00een Venus \u015fi mi de\u0163ine \u015fi un spa\u0163iu comercial \u00een Bucure\u015fti.<\/strong><\/p>\n<\/div>\n<p> Source URL: https:\/\/www.digi24.ro\/stiri\/actualitate\/politica\/gabriel-oprea-va-asigura-interimatul-la-ministerul-de-interne-presedintele-a-semnat-decretul-de-desemnare-in-functie-189331<\/p>\n","protected":false},"excerpt":{"rendered":"<p>Actualizare 15.59.Traian B\u0103sescu a semnat decretul prin care se ia act de demisia lui Radu Stroe, ministrul Afacerilor Interne, \u015fi se constat\u0103 \u00eencetarea func\u0163iei acestuia de membru al Guvernului. De asemenea, pre\u0219edintele a semnat decretul prin care se desemneaz\u0103 Gabriel Oprea, viceprim-ministru, ca ministru interimar al Afacerilor Interne. Premierul Victor Ponta a sus\u021binut joi o [&hellip;]<\/p>\n","protected":false},"author":1,"featured_media":214126,"comment_status":"open","ping_status":"","sticky":false,"template":"","format":"standard","meta":{"footnotes":""},"categories":[2],"tags":[11],"class_list":["post-214125","post","type-post","status-publish","format-standard","has-post-thumbnail","hentry","category-politics","tag-digi24"],"_links":{"self":[{"href":"https:\/\/analyse.optim.biz\/index.php?rest_route=\/wp\/v2\/posts\/214125","targetHints":{"allow":["GET"]}}],"collection":[{"href":"https:\/\/analyse.optim.biz\/index.php?rest_route=\/wp\/v2\/posts"}],"about":[{"href":"https:\/\/analyse.optim.biz\/index.php?rest_route=\/wp\/v2\/types\/post"}],"author":[{"embeddable":true,"href":"https:\/\/analyse.optim.biz\/index.php?rest_route=\/wp\/v2\/users\/1"}],"replies":[{"embeddable":true,"href":"https:\/\/analyse.optim.biz\/index.php?rest_route=%2Fwp%2Fv2%2Fcomments&post=214125"}],"version-history":[{"count":0,"href":"https:\/\/analyse.optim.biz\/index.php?rest_route=\/wp\/v2\/posts\/214125\/revisions"}],"wp:featuredmedia":[{"embeddable":true,"href":"https:\/\/analyse.optim.biz\/index.php?rest_route=\/wp\/v2\/media\/214126"}],"wp:attachment":[{"href":"https:\/\/analyse.optim.biz\/index.php?rest_route=%2Fwp%2Fv2%2Fmedia&parent=214125"}],"wp:term":[{"taxonomy":"category","embeddable":true,"href":"https:\/\/analyse.optim.biz\/index.php?rest_route=%2Fwp%2Fv2%2Fcategories&post=214125"},{"taxonomy":"post_tag","embeddable":true,"href":"https:\/\/analyse.optim.biz\/index.php?rest_route=%2Fwp%2Fv2%2Ftags&post=214125"}],"curies":[{"name":"wp","href":"https:\/\/api.w.org\/{rel}","templated":true}]}}