{"id":214089,"date":"2014-01-24T12:50:58","date_gmt":"2014-01-24T09:50:58","guid":{"rendered":"https:\/\/analyse.optim.biz\/?p=214089"},"modified":"2014-01-24T12:50:58","modified_gmt":"2014-01-24T09:50:58","slug":"accident-aviatic-premierul-va-cere-luni-convocarea-csat","status":"publish","type":"post","link":"https:\/\/analyse.optim.biz\/?p=214089","title":{"rendered":"ACCIDENT AVIATIC.\u00a0Premierul va cere luni convocarea CSAT"},"content":{"rendered":"<div class=\"entry data-app-meta data-app-meta-article\" data-embed-base-url-canonical=\"https:\/\/www.digi24.ro\/embed\/stiri\/actualitate\/politica\/accident-aviatic-premierul-va-cere-luni-convocarea-csat-189865\">\n<p data-index=\"1\">Premierul consider\u0103 c\u0103 institu\u0163iile care se fac vinovate de interven\u0163ia haotic\u0103 \u015fi \u00eent\u00e2rziat\u0103 pentru salvarea victimelor accidentului aviatic au pl\u0103tit deja pentru gre\u015feli. De\u015fi sunt multe voci care spun c\u0103 se impunea \u015fi demisia \u015fefei de la Transporturi, premierul nu o consider\u0103 vinovat\u0103 pe Ramona M\u0103nescu \u0219i insist\u0103 pentru eliberarea din func\u0163ie a \u015fefului STS.<\/p>\n<p data-index=\"2\">\u201e<span>STS nu se afl\u0103 \u00een subordinea Guvernului, ci a CSAT. Am \u00eentocmit adresa, o vor semna o treime din membrii CSAT pentru a discita c\u00e2t mai cur\u00e2nd posibil modul \u00een care STS \u0219i-a \u00eendeplinit atribu\u021biile \u0219i r\u0103spunderea. La ROMATSA a plecat \u0219eful, la MAI \u0219eful, la ISU, \u0219eful ISU, cred c\u0103 la STS va fi greu de g\u0103sit un operator care nu \u0219i-a f\u0103cut treaba\u201d, a declarat ironic premierul, vineri diminea\u021ba.<\/span><\/p>\n<p data-index=\"3\">\u00cen cazul <a href=\"https:\/\/www.digi24.ro\/Stiri\/Digi24\/Actualitate\/Stiri\/ACCIDENT+AVIATIC+Marcel+Opris+seful+STS+greu+de+demis\" target=\"_blank\" data-skip-linkfix=\"1\" rel=\"noopener\">\u015fefului STS, generalul Marcel Opri\u015f, procedura de demitere este destul de complicat\u0103<\/a>. Decizia poate fi luat\u0103 doar \u00een Consilul Suprem de Ap\u0103rare a \u0162arii, iar urm\u0103toarea \u015fedin\u0163\u0103 ar trebui s\u0103 aib\u0103 loc abia \u00een luna martie.<\/p>\n<p data-index=\"4\">P\u00e2n\u0103 atunci \u00eens\u0103, Victor Ponta insist\u0103 s\u0103 spele imaginea angaja\u0163ilor Ministerului de Interne, acuza\u0163i c\u0103 au intervenit prea greu pentru salvarea victimelor.<\/p>\n<p data-index=\"5\">Tragedia aviatic\u0103 din Apuseni a dus la demisia unui ministru &#8211; \u0219eful de la Interne &#8211; \u015fi a unui secretarul de stat din minister, cel care ar fi trebuit s\u0103 coordoneze activitatea echipelor din teren. \u015ei-au mai pierdut func\u0163ia \u015feful Inspectoratului General pentru Situa\u0163ii de Urgen\u0163\u0103, directorul ROMATSA \u015fi \u015feful opera\u0163iunilor speciale din cadrul institu\u0163iei.<\/p>\n<\/div>\n<p> Source URL: https:\/\/www.digi24.ro\/stiri\/actualitate\/politica\/accident-aviatic-premierul-va-cere-luni-convocarea-csat-189865<\/p>\n","protected":false},"excerpt":{"rendered":"<p>Premierul consider\u0103 c\u0103 institu\u0163iile care se fac vinovate de interven\u0163ia haotic\u0103 \u015fi \u00eent\u00e2rziat\u0103 pentru salvarea victimelor accidentului aviatic au pl\u0103tit deja pentru gre\u015feli. De\u015fi sunt multe voci care spun c\u0103 se impunea \u015fi demisia \u015fefei de la Transporturi, premierul nu o consider\u0103 vinovat\u0103 pe Ramona M\u0103nescu \u0219i insist\u0103 pentru eliberarea din func\u0163ie a \u015fefului STS. [&hellip;]<\/p>\n","protected":false},"author":1,"featured_media":214090,"comment_status":"open","ping_status":"","sticky":false,"template":"","format":"standard","meta":{"footnotes":""},"categories":[2],"tags":[11],"class_list":["post-214089","post","type-post","status-publish","format-standard","has-post-thumbnail","hentry","category-politics","tag-digi24"],"_links":{"self":[{"href":"https:\/\/analyse.optim.biz\/index.php?rest_route=\/wp\/v2\/posts\/214089","targetHints":{"allow":["GET"]}}],"collection":[{"href":"https:\/\/analyse.optim.biz\/index.php?rest_route=\/wp\/v2\/posts"}],"about":[{"href":"https:\/\/analyse.optim.biz\/index.php?rest_route=\/wp\/v2\/types\/post"}],"author":[{"embeddable":true,"href":"https:\/\/analyse.optim.biz\/index.php?rest_route=\/wp\/v2\/users\/1"}],"replies":[{"embeddable":true,"href":"https:\/\/analyse.optim.biz\/index.php?rest_route=%2Fwp%2Fv2%2Fcomments&post=214089"}],"version-history":[{"count":0,"href":"https:\/\/analyse.optim.biz\/index.php?rest_route=\/wp\/v2\/posts\/214089\/revisions"}],"wp:featuredmedia":[{"embeddable":true,"href":"https:\/\/analyse.optim.biz\/index.php?rest_route=\/wp\/v2\/media\/214090"}],"wp:attachment":[{"href":"https:\/\/analyse.optim.biz\/index.php?rest_route=%2Fwp%2Fv2%2Fmedia&parent=214089"}],"wp:term":[{"taxonomy":"category","embeddable":true,"href":"https:\/\/analyse.optim.biz\/index.php?rest_route=%2Fwp%2Fv2%2Fcategories&post=214089"},{"taxonomy":"post_tag","embeddable":true,"href":"https:\/\/analyse.optim.biz\/index.php?rest_route=%2Fwp%2Fv2%2Ftags&post=214089"}],"curies":[{"name":"wp","href":"https:\/\/api.w.org\/{rel}","templated":true}]}}