{"id":214020,"date":"2014-01-26T20:25:49","date_gmt":"2014-01-26T17:25:49","guid":{"rendered":"https:\/\/analyse.optim.biz\/?p=214020"},"modified":"2014-01-26T20:25:49","modified_gmt":"2014-01-26T17:25:49","slug":"politicienii-se-bat-si-in-plangeri-penale","status":"publish","type":"post","link":"https:\/\/analyse.optim.biz\/?p=214020","title":{"rendered":"Politicienii se bat \u015fi \u00een pl\u00e2ngeri penale"},"content":{"rendered":"<div class=\"entry data-app-meta data-app-meta-article\" data-embed-base-url-canonical=\"https:\/\/www.digi24.ro\/embed\/stiri\/actualitate\/politica\/politicienii-se-bat-si-in-plangeri-penale-190638\">\n<p data-index=\"1\">Liderii PSD, PNL \u015fi ai PDL \u015fi-au f\u0103cut reciproc pl\u00e2ngeri penale de-a lungul anilor, pu\u0163ine \u00eens\u0103 au ajuns s\u0103 se \u015fi materializeze \u00een instan\u0163e. Motivele g\u0103site au fost diverse: de la acuza\u0163ii de plagiat la calomnie, de la \u015fantaj \u015fi amenin\u0163are la fraude \u015fi corup\u0163ie. Campioni \u00een materie de pl\u00e2ngeri penale sunt cei din USL. Cabinetul Victor Ponta a formulat aproape 400 de pl\u00e2ngeri penale \u00eempotriva unor fo\u015fti mini\u015ftri PDL.<\/p>\n<p data-index=\"2\">Dup\u0103 ce a preluat guvernarea, USL a verificat activitatea guvernelor precedente. Rezultatul: 394 de pl\u00e2ngeri penale \u015fi sesiz\u0103ri depuse la DNA \u015fi la Parchetul Instan\u0163ei Supreme, \u00een care au reclamat posibile fraude ale mini\u015ftrilor PDL.<\/p>\n<p data-index=\"3\">Ele sesizau nereguli la patru ministere \u00een timpul guvern\u0103rii democrat- liberalilor, dar \u015fi la multe institu\u0163ii din subordinea acestora, printre care Agen\u0163ia Domeniilor Statului, Po\u015fta Rom\u00e2n\u0103, Casa Na\u0163ional\u0103 de Asigur\u0103ri de S\u0103n\u0103tate, Hidroelectrica, RATB, RADET, Metrorex, Nuclearelectrica, Oltchim, Romsilva.<\/p>\n<p data-index=\"4\">Potrivit procurorilor, aceste sesiz\u0103ri sunt \u00een lucru, \u00eens\u0103 niciuna din ele nu a ajuns \u00een instan\u0163\u0103.<\/p>\n<p data-index=\"5\">Tot la pl\u00e2ngeri penale au apelat liderii USL \u015fi dup\u0103 e\u015fecul de la referendumul din 2012 pentru demiterea pre\u015fedintelui <strong>Traian B\u0103sescu<\/strong>.<\/p>\n<p data-index=\"6\"><strong>\u201eVom depune pl\u00e2ngeri penale \u00eempotriva tuturor liderilor PDL care au \u00eenc\u0103lcat prevederile Legii 3\/2000, au \u00eempiedicat cet\u0103\u021benii s\u0103 voteze la referendum. Vor fi mii de asemenea pl\u00e2ngeri\u201d<\/strong>, spunea spunea premierul Rom\u00e2niei, \u00een 20 august 2012.<\/p>\n<p data-index=\"7\"><strong>Victor Ponta<\/strong> a recurs la pl\u00e2ngeri penale \u00eempotriva adversarilor politici \u015fi \u00eenainte de a ajunge \u015feful Guvernului. \u00cen 2011, a depus la parchetul instan\u0163ei supreme o reclama\u0163ie \u00eempotriva pre\u015fedintelui Traian B\u0103sescu \u015fi a \u015fefului ANAF de atunci, <strong>Sorin Blejnar<\/strong>. I-a acuzat pe am\u00e2ndoi de instigare la abuz \u00een serviciu, amenin\u0163are \u015fi \u015fantaj.<\/p>\n<p data-index=\"8\">\u00cen 2012, Victor Ponta l-a reclamat la \u00cenalta Curte \u015fi pe premierul de atunci, <strong>Mihai R\u0103zvan Ungureanu<\/strong>, nemul\u0163umit de felul \u00een care acesta a alocat bani c\u0103tre prim\u0103riile din Gorj.<\/p>\n<p data-index=\"9\">Tot din cauza banilor, de data aceasta lua\u0163i de la prim\u0103rii, s-a ales \u015fi Victor Ponta, dup\u0103 ce a fost numit premier, cu o pl\u00e2ngere penal\u0103 pentru abuz \u00een serviciu.<\/p>\n<p data-index=\"10\">\u015ei teza de doctorat i-a adus premierului o pl\u00e2ngere penal\u0103 din partea liderilor Partidului Noua Republic\u0103, de data aceasta pentru plagiat.<\/p>\n<p data-index=\"11\">Deocamdat\u0103, <a href=\"https:\/\/www.digi24.ro\/Stiri\/Digi24\/Actualitate\/Justitie\/Victor+Ponta+este+vizat+de+doua+anchete+ale+DNA\" target=\"_blank\" data-skip-linkfix=\"1\" rel=\"noopener\">DNA are \u00een lucru dou\u0103 dosare \u00een care apare \u015fi numele lui Victor Ponta<\/a>, dar premierul nu este urm\u0103rit penal \u00een niciunul.<\/p>\n<h5>394 de pl\u00e2ngeri penale \u00eempotriva guvernelor PDL<\/h5>\n<p data-index=\"12\">&#8211; Ministerul Mediului<\/p>\n<p data-index=\"13\">&#8211; Ministerul S\u0103n\u0103t\u0103\u0163ii<\/p>\n<p data-index=\"14\">&#8211; Ministerul Educa\u0163iei<\/p>\n<p data-index=\"15\">&#8211; Prim\u0103ria Piatra Neam\u0163<\/p>\n<p data-index=\"16\">&#8211; Compania \u201ePo\u015fta Rom\u00e2n\u0103\u201d<\/p>\n<p data-index=\"17\">&#8211; Agen\u0163ia Domeniilor Statului<\/p>\n<p data-index=\"18\">&#8211; Hidroelectrica<\/p>\n<p data-index=\"19\">&#8211; Complexul Energetic Oltenia<\/p>\n<p data-index=\"20\">&#8211; Minvest \u015fi Cuprumin<\/p>\n<p data-index=\"21\">&#8211; RATB<\/p>\n<p data-index=\"22\">&#8211; Romsilva<\/p>\n<p data-index=\"23\"><em>Sursa: Guvern<\/em><\/p>\n<\/div>\n<p> Source URL: https:\/\/www.digi24.ro\/stiri\/actualitate\/politica\/politicienii-se-bat-si-in-plangeri-penale-190638<\/p>\n","protected":false},"excerpt":{"rendered":"<p>Liderii PSD, PNL \u015fi ai PDL \u015fi-au f\u0103cut reciproc pl\u00e2ngeri penale de-a lungul anilor, pu\u0163ine \u00eens\u0103 au ajuns s\u0103 se \u015fi materializeze \u00een instan\u0163e. Motivele g\u0103site au fost diverse: de la acuza\u0163ii de plagiat la calomnie, de la \u015fantaj \u015fi amenin\u0163are la fraude \u015fi corup\u0163ie. Campioni \u00een materie de pl\u00e2ngeri penale sunt cei din USL. [&hellip;]<\/p>\n","protected":false},"author":1,"featured_media":214021,"comment_status":"open","ping_status":"","sticky":false,"template":"","format":"standard","meta":{"footnotes":""},"categories":[2],"tags":[11],"class_list":["post-214020","post","type-post","status-publish","format-standard","has-post-thumbnail","hentry","category-politics","tag-digi24"],"_links":{"self":[{"href":"https:\/\/analyse.optim.biz\/index.php?rest_route=\/wp\/v2\/posts\/214020","targetHints":{"allow":["GET"]}}],"collection":[{"href":"https:\/\/analyse.optim.biz\/index.php?rest_route=\/wp\/v2\/posts"}],"about":[{"href":"https:\/\/analyse.optim.biz\/index.php?rest_route=\/wp\/v2\/types\/post"}],"author":[{"embeddable":true,"href":"https:\/\/analyse.optim.biz\/index.php?rest_route=\/wp\/v2\/users\/1"}],"replies":[{"embeddable":true,"href":"https:\/\/analyse.optim.biz\/index.php?rest_route=%2Fwp%2Fv2%2Fcomments&post=214020"}],"version-history":[{"count":0,"href":"https:\/\/analyse.optim.biz\/index.php?rest_route=\/wp\/v2\/posts\/214020\/revisions"}],"wp:featuredmedia":[{"embeddable":true,"href":"https:\/\/analyse.optim.biz\/index.php?rest_route=\/wp\/v2\/media\/214021"}],"wp:attachment":[{"href":"https:\/\/analyse.optim.biz\/index.php?rest_route=%2Fwp%2Fv2%2Fmedia&parent=214020"}],"wp:term":[{"taxonomy":"category","embeddable":true,"href":"https:\/\/analyse.optim.biz\/index.php?rest_route=%2Fwp%2Fv2%2Fcategories&post=214020"},{"taxonomy":"post_tag","embeddable":true,"href":"https:\/\/analyse.optim.biz\/index.php?rest_route=%2Fwp%2Fv2%2Ftags&post=214020"}],"curies":[{"name":"wp","href":"https:\/\/api.w.org\/{rel}","templated":true}]}}