{"id":213950,"date":"2014-01-29T12:55:21","date_gmt":"2014-01-29T09:55:21","guid":{"rendered":"https:\/\/analyse.optim.biz\/?p=213950"},"modified":"2014-01-29T12:55:21","modified_gmt":"2014-01-29T09:55:21","slug":"maria-grapini-va-fi-retrasa-din-postul-de-ministru-pentru-a-candida-la-europarlamentare","status":"publish","type":"post","link":"https:\/\/analyse.optim.biz\/?p=213950","title":{"rendered":"Maria Grapini va fi retras\u0103 din postul de ministru pentru a candida la europarlamentare"},"content":{"rendered":"<div class=\"entry data-app-meta data-app-meta-article\" data-embed-base-url-canonical=\"https:\/\/www.digi24.ro\/embed\/stiri\/actualitate\/politica\/maria-grapini-va-fi-retrasa-din-postul-de-ministru-pentru-a-candida-la-europarlamentare-192134\">\n<p data-index=\"1\"><img decoding=\"async\" src=\"https:\/\/analyse.optim.biz\/wp-content\/uploads\/2024\/09\/jmhhc2g9ztm4mjk3ndkymmvmnmfmm2e2yjm1njg5njljyzc3mgm-thumb_.jpg\" data-skip-htmlfix=\"1\" title=\"jmhhc2g9ztm4mjk3ndkymmvmnmfmm2e2yjm1njg5njljyzc3mgm-thumb_\"><\/p>\n<p data-index=\"2\"><em><strong>Maria Grapini \/ Foto: Facebook\u00a0<\/strong><\/em><\/p>\n<p data-index=\"3\">Decizia va fi anun\u0163at\u0103 joi, \u00een \u015fedin\u0163a Biroului Permanent al Partidului Conservator, potrivit unor surse din cadrul forma\u021biunii, citate de Mediafax.<\/p>\n<p data-index=\"4\">Partidul Conservator va propune o alt\u0103 persoan\u0103 pentru pozi\u0163ia de ministru delegat pentru IMM, mediu de afaceri \u015fi turism.<\/p>\n<p data-index=\"5\">Maria Grapini ocup\u0103 postul de ministru din decembrie 2012.<\/p>\n<\/div>\n<p> Source URL: https:\/\/www.digi24.ro\/stiri\/actualitate\/politica\/maria-grapini-va-fi-retrasa-din-postul-de-ministru-pentru-a-candida-la-europarlamentare-192134<\/p>\n","protected":false},"excerpt":{"rendered":"<p>Maria Grapini \/ Foto: Facebook\u00a0 Decizia va fi anun\u0163at\u0103 joi, \u00een \u015fedin\u0163a Biroului Permanent al Partidului Conservator, potrivit unor surse din cadrul forma\u021biunii, citate de Mediafax. Partidul Conservator va propune o alt\u0103 persoan\u0103 pentru pozi\u0163ia de ministru delegat pentru IMM, mediu de afaceri \u015fi turism. Maria Grapini ocup\u0103 postul de ministru din decembrie 2012. Source [&hellip;]<\/p>\n","protected":false},"author":1,"featured_media":213951,"comment_status":"open","ping_status":"","sticky":false,"template":"","format":"standard","meta":{"footnotes":""},"categories":[2],"tags":[11],"class_list":["post-213950","post","type-post","status-publish","format-standard","has-post-thumbnail","hentry","category-politics","tag-digi24"],"_links":{"self":[{"href":"https:\/\/analyse.optim.biz\/index.php?rest_route=\/wp\/v2\/posts\/213950","targetHints":{"allow":["GET"]}}],"collection":[{"href":"https:\/\/analyse.optim.biz\/index.php?rest_route=\/wp\/v2\/posts"}],"about":[{"href":"https:\/\/analyse.optim.biz\/index.php?rest_route=\/wp\/v2\/types\/post"}],"author":[{"embeddable":true,"href":"https:\/\/analyse.optim.biz\/index.php?rest_route=\/wp\/v2\/users\/1"}],"replies":[{"embeddable":true,"href":"https:\/\/analyse.optim.biz\/index.php?rest_route=%2Fwp%2Fv2%2Fcomments&post=213950"}],"version-history":[{"count":0,"href":"https:\/\/analyse.optim.biz\/index.php?rest_route=\/wp\/v2\/posts\/213950\/revisions"}],"wp:featuredmedia":[{"embeddable":true,"href":"https:\/\/analyse.optim.biz\/index.php?rest_route=\/wp\/v2\/media\/213951"}],"wp:attachment":[{"href":"https:\/\/analyse.optim.biz\/index.php?rest_route=%2Fwp%2Fv2%2Fmedia&parent=213950"}],"wp:term":[{"taxonomy":"category","embeddable":true,"href":"https:\/\/analyse.optim.biz\/index.php?rest_route=%2Fwp%2Fv2%2Fcategories&post=213950"},{"taxonomy":"post_tag","embeddable":true,"href":"https:\/\/analyse.optim.biz\/index.php?rest_route=%2Fwp%2Fv2%2Ftags&post=213950"}],"curies":[{"name":"wp","href":"https:\/\/api.w.org\/{rel}","templated":true}]}}