{"id":213939,"date":"2014-01-29T13:09:03","date_gmt":"2014-01-29T10:09:03","guid":{"rendered":"https:\/\/analyse.optim.biz\/?p=213939"},"modified":"2014-01-29T13:09:03","modified_gmt":"2014-01-29T10:09:03","slug":"decizii-politice-importante-amanate-din-cauza-viscolului","status":"publish","type":"post","link":"https:\/\/analyse.optim.biz\/?p=213939","title":{"rendered":"Decizii politice importante, am\u00e2nate din cauza viscolului"},"content":{"rendered":"<div class=\"entry data-app-meta data-app-meta-article\" data-embed-base-url-canonical=\"https:\/\/www.digi24.ro\/embed\/stiri\/actualitate\/politica\/decizii-politice-importante-amanate-din-cauza-viscolului-192151\">\n<p data-index=\"1\">At\u00e2t liberalii, c\u00e2t \u015fi social-democra\u0163ii urmau s\u0103 stabileasc\u0103 listele pentru alegerile europarlamentare.<\/p>\n<p data-index=\"2\">\u00cen aceste condi\u0163ii candida\u0163ii pentru Parlamentul European vor fi stabili\u0163i la sf\u00e2r\u015fitul s\u0103pt\u0103m\u00e2nii viitoare.<\/p>\n<p data-index=\"3\">Tot atunci liberalii vor hot\u0103r\u00ee \u015fi cine \u00eei va lua locul lui Radu Stroe, care a demisonat de la Ministerul de Interne dup\u0103 Accidentul aviatic din Mun\u0163ii Apuseni.<\/p>\n<p data-index=\"4\">A fost am\u00e2nat\u0103 \u015fi evaluarea mini\u015ftrilor liberali. Potrivit unor surse din partid, mini\u015ftrii care ar putea fi remania\u0163i sunt ministrul Muncii Mariana C\u00e2mpeanu, minsitrul Transporturilor Ramona M\u0103nescu \u015fi ministrul Finan\u0163elor Daniel Chi\u0163oiu. Singurii care nu \u015fI-au am\u00e2nat planurile sunt democrat-liberalii.<\/p>\n<p data-index=\"5\">Ace\u015ftia se vor \u00eent\u00e2lni s\u00e2mb\u0103t\u0103, la Bra\u015fov pentru a aproba strategia pentru alegerile europarlamentare, echipa de campanie \u015fi priorit\u0103\u0163ile legislative.<\/p>\n<\/div>\n<p> Source URL: https:\/\/www.digi24.ro\/stiri\/actualitate\/politica\/decizii-politice-importante-amanate-din-cauza-viscolului-192151<\/p>\n","protected":false},"excerpt":{"rendered":"<p>At\u00e2t liberalii, c\u00e2t \u015fi social-democra\u0163ii urmau s\u0103 stabileasc\u0103 listele pentru alegerile europarlamentare. \u00cen aceste condi\u0163ii candida\u0163ii pentru Parlamentul European vor fi stabili\u0163i la sf\u00e2r\u015fitul s\u0103pt\u0103m\u00e2nii viitoare. Tot atunci liberalii vor hot\u0103r\u00ee \u015fi cine \u00eei va lua locul lui Radu Stroe, care a demisonat de la Ministerul de Interne dup\u0103 Accidentul aviatic din Mun\u0163ii Apuseni. A [&hellip;]<\/p>\n","protected":false},"author":1,"featured_media":213940,"comment_status":"open","ping_status":"","sticky":false,"template":"","format":"standard","meta":{"footnotes":""},"categories":[2],"tags":[11],"class_list":["post-213939","post","type-post","status-publish","format-standard","has-post-thumbnail","hentry","category-politics","tag-digi24"],"_links":{"self":[{"href":"https:\/\/analyse.optim.biz\/index.php?rest_route=\/wp\/v2\/posts\/213939","targetHints":{"allow":["GET"]}}],"collection":[{"href":"https:\/\/analyse.optim.biz\/index.php?rest_route=\/wp\/v2\/posts"}],"about":[{"href":"https:\/\/analyse.optim.biz\/index.php?rest_route=\/wp\/v2\/types\/post"}],"author":[{"embeddable":true,"href":"https:\/\/analyse.optim.biz\/index.php?rest_route=\/wp\/v2\/users\/1"}],"replies":[{"embeddable":true,"href":"https:\/\/analyse.optim.biz\/index.php?rest_route=%2Fwp%2Fv2%2Fcomments&post=213939"}],"version-history":[{"count":0,"href":"https:\/\/analyse.optim.biz\/index.php?rest_route=\/wp\/v2\/posts\/213939\/revisions"}],"wp:featuredmedia":[{"embeddable":true,"href":"https:\/\/analyse.optim.biz\/index.php?rest_route=\/wp\/v2\/media\/213940"}],"wp:attachment":[{"href":"https:\/\/analyse.optim.biz\/index.php?rest_route=%2Fwp%2Fv2%2Fmedia&parent=213939"}],"wp:term":[{"taxonomy":"category","embeddable":true,"href":"https:\/\/analyse.optim.biz\/index.php?rest_route=%2Fwp%2Fv2%2Fcategories&post=213939"},{"taxonomy":"post_tag","embeddable":true,"href":"https:\/\/analyse.optim.biz\/index.php?rest_route=%2Fwp%2Fv2%2Ftags&post=213939"}],"curies":[{"name":"wp","href":"https:\/\/api.w.org\/{rel}","templated":true}]}}