{"id":213919,"date":"2014-01-18T09:18:32","date_gmt":"2014-01-18T06:18:32","guid":{"rendered":"https:\/\/analyse.optim.biz\/?p=213919"},"modified":"2014-01-18T09:18:32","modified_gmt":"2014-01-18T06:18:32","slug":"vicepremierul-liviu-dragnea-este-de-acord-cu-decizia-ccr-privitoare-la-modificarile-aduse-codului-penal","status":"publish","type":"post","link":"https:\/\/analyse.optim.biz\/?p=213919","title":{"rendered":"Vicepremierul Liviu Dragnea este de acord cu decizia CCR privitoare la modific\u0103rile aduse Codului penal"},"content":{"rendered":"<div class=\"entry data-app-meta data-app-meta-article\" data-embed-base-url-canonical=\"https:\/\/www.digi24.ro\/embed\/stiri\/actualitate\/politica\/vicepremierul-liviu-dragnea-este-de-acord-cu-decizia-ccr-privitoare-la-modificarile-aduse-codului-penal-186497\">\n<p data-index=\"1\">Miercuri,<a href=\"https:\/\/www.digi24.ro\/Stiri\/Digi24\/Actualitate\/Stiri\/Noul+Cod+Penal+este+neconstitutional\" data-skip-linkfix=\"1\"> judec\u0103torii Cur\u0163ii Constitu\u0163ionale au decis c\u0103 modific\u0103rile la Codul Penal<\/a> adoptate de Camera Deputa\u0163ilor la sf\u00e2r\u015fitul anului trecut sunt neconstitu\u0163ionale.<\/p>\n<p data-index=\"2\">\u201eFoarte bine a f\u0103cut Curtea Constitu\u0163ional\u0103. Nu vreau s\u0103 comentez criticile. Mi-a\u0163i pus o \u00eentrebare. Foarte bine c\u0103 s-au blocat acele demersuri\u201d, a spus Dragnea.<\/p>\n<p data-index=\"3\">\u201eLegea amnistiei ar mai trebui sus\u0163inut\u0103?\u201d, a fost \u00eentrebat el. R\u0103spunsul a fost: \u201eNu \u015ftiu. Eu v\u0103 spun c\u0103 acele modific\u0103ri la Codul Penal nu le-am sus\u0163inut, nu le sus\u0163in \u015fi nu le voi sus\u0163ine\u201d.<\/p>\n<p data-index=\"4\">\u201e\u015ei legea amnistiei considera\u0163i c\u0103 ar trebui sus\u0163inut\u0103 \u00een continuare?\u201d \u201eNu m-am aplecat cu mare aten\u0163ie asupra ei. Probabil c\u0103 nu\u201d, a declarat Liviu Dragnea.<\/p>\n<\/div>\n<p> Source URL: https:\/\/www.digi24.ro\/stiri\/actualitate\/politica\/vicepremierul-liviu-dragnea-este-de-acord-cu-decizia-ccr-privitoare-la-modificarile-aduse-codului-penal-186497<\/p>\n","protected":false},"excerpt":{"rendered":"<p>Miercuri, judec\u0103torii Cur\u0163ii Constitu\u0163ionale au decis c\u0103 modific\u0103rile la Codul Penal adoptate de Camera Deputa\u0163ilor la sf\u00e2r\u015fitul anului trecut sunt neconstitu\u0163ionale. \u201eFoarte bine a f\u0103cut Curtea Constitu\u0163ional\u0103. Nu vreau s\u0103 comentez criticile. Mi-a\u0163i pus o \u00eentrebare. Foarte bine c\u0103 s-au blocat acele demersuri\u201d, a spus Dragnea. \u201eLegea amnistiei ar mai trebui sus\u0163inut\u0103?\u201d, a fost \u00eentrebat [&hellip;]<\/p>\n","protected":false},"author":1,"featured_media":213920,"comment_status":"open","ping_status":"","sticky":false,"template":"","format":"standard","meta":{"footnotes":""},"categories":[2],"tags":[11],"class_list":["post-213919","post","type-post","status-publish","format-standard","has-post-thumbnail","hentry","category-politics","tag-digi24"],"_links":{"self":[{"href":"https:\/\/analyse.optim.biz\/index.php?rest_route=\/wp\/v2\/posts\/213919","targetHints":{"allow":["GET"]}}],"collection":[{"href":"https:\/\/analyse.optim.biz\/index.php?rest_route=\/wp\/v2\/posts"}],"about":[{"href":"https:\/\/analyse.optim.biz\/index.php?rest_route=\/wp\/v2\/types\/post"}],"author":[{"embeddable":true,"href":"https:\/\/analyse.optim.biz\/index.php?rest_route=\/wp\/v2\/users\/1"}],"replies":[{"embeddable":true,"href":"https:\/\/analyse.optim.biz\/index.php?rest_route=%2Fwp%2Fv2%2Fcomments&post=213919"}],"version-history":[{"count":0,"href":"https:\/\/analyse.optim.biz\/index.php?rest_route=\/wp\/v2\/posts\/213919\/revisions"}],"wp:featuredmedia":[{"embeddable":true,"href":"https:\/\/analyse.optim.biz\/index.php?rest_route=\/wp\/v2\/media\/213920"}],"wp:attachment":[{"href":"https:\/\/analyse.optim.biz\/index.php?rest_route=%2Fwp%2Fv2%2Fmedia&parent=213919"}],"wp:term":[{"taxonomy":"category","embeddable":true,"href":"https:\/\/analyse.optim.biz\/index.php?rest_route=%2Fwp%2Fv2%2Fcategories&post=213919"},{"taxonomy":"post_tag","embeddable":true,"href":"https:\/\/analyse.optim.biz\/index.php?rest_route=%2Fwp%2Fv2%2Ftags&post=213919"}],"curies":[{"name":"wp","href":"https:\/\/api.w.org\/{rel}","templated":true}]}}