{"id":213843,"date":"2014-01-31T18:16:23","date_gmt":"2014-01-31T15:16:23","guid":{"rendered":"https:\/\/analyse.optim.biz\/?p=213843"},"modified":"2014-01-31T18:16:23","modified_gmt":"2014-01-31T15:16:23","slug":"traian-basescu-explica-lipsa-de-diplomatie-in-politica","status":"publish","type":"post","link":"https:\/\/analyse.optim.biz\/?p=213843","title":{"rendered":"Traian B\u0103sescu explic\u0103 lipsa de diploma\u0163ie \u00een politic\u0103"},"content":{"rendered":"<div class=\"entry data-app-meta data-app-meta-article\" data-embed-base-url-canonical=\"https:\/\/www.digi24.ro\/embed\/stiri\/actualitate\/politica\/traian-basescu-explica-lipsa-de-diplomatie-in-politica-193463\">\n<p data-index=\"1\">\u201ePolitica r\u0103m\u00e2ne o activitate pentru care pot fi calificat pozitiv sau negativ de electorat, de rom\u00e2ni, meseria mea de baz\u0103 este de ofi\u0163er de marin\u0103, am fost comandant pe petroliere de mare tonaj, fapt care a f\u0103cut ca adesea, \u00een activitatea mea politic\u0103, s\u0103 existe lips\u0103 de diploma\u0163ie. Poate nu a fost cel mai r\u0103u lucru\u201d, a spus pre\u015fedintele.<\/p>\n<\/div>\n<p> Source URL: https:\/\/www.digi24.ro\/stiri\/actualitate\/politica\/traian-basescu-explica-lipsa-de-diplomatie-in-politica-193463<\/p>\n","protected":false},"excerpt":{"rendered":"<p>\u201ePolitica r\u0103m\u00e2ne o activitate pentru care pot fi calificat pozitiv sau negativ de electorat, de rom\u00e2ni, meseria mea de baz\u0103 este de ofi\u0163er de marin\u0103, am fost comandant pe petroliere de mare tonaj, fapt care a f\u0103cut ca adesea, \u00een activitatea mea politic\u0103, s\u0103 existe lips\u0103 de diploma\u0163ie. Poate nu a fost cel mai r\u0103u [&hellip;]<\/p>\n","protected":false},"author":1,"featured_media":213844,"comment_status":"open","ping_status":"","sticky":false,"template":"","format":"standard","meta":{"footnotes":""},"categories":[2],"tags":[11],"class_list":["post-213843","post","type-post","status-publish","format-standard","has-post-thumbnail","hentry","category-politics","tag-digi24"],"_links":{"self":[{"href":"https:\/\/analyse.optim.biz\/index.php?rest_route=\/wp\/v2\/posts\/213843","targetHints":{"allow":["GET"]}}],"collection":[{"href":"https:\/\/analyse.optim.biz\/index.php?rest_route=\/wp\/v2\/posts"}],"about":[{"href":"https:\/\/analyse.optim.biz\/index.php?rest_route=\/wp\/v2\/types\/post"}],"author":[{"embeddable":true,"href":"https:\/\/analyse.optim.biz\/index.php?rest_route=\/wp\/v2\/users\/1"}],"replies":[{"embeddable":true,"href":"https:\/\/analyse.optim.biz\/index.php?rest_route=%2Fwp%2Fv2%2Fcomments&post=213843"}],"version-history":[{"count":0,"href":"https:\/\/analyse.optim.biz\/index.php?rest_route=\/wp\/v2\/posts\/213843\/revisions"}],"wp:featuredmedia":[{"embeddable":true,"href":"https:\/\/analyse.optim.biz\/index.php?rest_route=\/wp\/v2\/media\/213844"}],"wp:attachment":[{"href":"https:\/\/analyse.optim.biz\/index.php?rest_route=%2Fwp%2Fv2%2Fmedia&parent=213843"}],"wp:term":[{"taxonomy":"category","embeddable":true,"href":"https:\/\/analyse.optim.biz\/index.php?rest_route=%2Fwp%2Fv2%2Fcategories&post=213843"},{"taxonomy":"post_tag","embeddable":true,"href":"https:\/\/analyse.optim.biz\/index.php?rest_route=%2Fwp%2Fv2%2Ftags&post=213843"}],"curies":[{"name":"wp","href":"https:\/\/api.w.org\/{rel}","templated":true}]}}