{"id":213840,"date":"2014-01-31T19:59:54","date_gmt":"2014-01-31T16:59:54","guid":{"rendered":"https:\/\/analyse.optim.biz\/?p=213840"},"modified":"2014-01-31T19:59:54","modified_gmt":"2014-01-31T16:59:54","slug":"v-ponta-atac-la-t-basescu-marinarii-trebuie-sa-inteleaga-si-ei-codul-penal-nu-se-refera-doar-la-traficul-de-blugi","status":"publish","type":"post","link":"https:\/\/analyse.optim.biz\/?p=213840","title":{"rendered":"V. Ponta, atac la T. B\u0103sescu: \u201eMarinarii trebuie s\u0103 \u00een\u0163eleag\u0103 \u015fi ei, Codul penal nu se refer\u0103 doar la traficul de blugi\u201d"},"content":{"rendered":"<div class=\"entry data-app-meta data-app-meta-article\" data-embed-base-url-canonical=\"https:\/\/www.digi24.ro\/embed\/stiri\/actualitate\/politica\/v-ponta-atac-la-t-basescu-marinarii-trebuie-sa-inteleaga-si-ei-codul-penal-nu-se-refera-doar-la-traficul-de-blugi-193521\">\n<p data-index=\"1\">\u00a0<img decoding=\"async\" src=\"https:\/\/analyse.optim.biz\/wp-content\/uploads\/2024\/09\/jnc9odawjmhhc2g9zdc1zmmzywe4yjlizjzkzguzzdmyywe4ytuynmm0nwu-thumb_.jpg\" data-skip-htmlfix=\"1\" title=\"jnc9odawjmhhc2g9zdc1zmmzywe4yjlizjzkzguzzdmyywe4ytuynmm0nwu-thumb_\"><\/p>\n<p data-index=\"2\">&#8220;Nespeciali\u015ftii, marinarii de exemplu, nu \u00een\u0163eleg nimic din lucrurile astea \u015fi trebuie s\u0103 \u00een\u0163eleag\u0103 \u015fi ei, c\u0103<strong><a href=\"https:\/\/www.digi24.ro\/Stiri\/Digi24\/Actualitate\/Justitie\/V+Ponta+Daca+apar+inadvertente+in+activitatea+instantelor+si+par\" target=\"_blank\" data-skip-linkfix=\"1\" rel=\"noopener\">Codul penal<\/a><\/strong>nu se refer\u0103 doar la traficul de blugi, ci la lucruri complicate (&#8230;) Domnul B\u0103sescu habar nu are nici ce a semnat c\u00e2nd a promulgat codurile &#8211; lucru pe care \u00eel apreciez c\u0103 l-a recunoscut, c\u0103 nu \u015ftie ce semneaz\u0103, dar periculos c\u0103 un pre\u015fedinte promulg\u0103 legi pe care nu le cunoa\u015fte &#8211; \u015fi habar nu are nici acum ce prev\u0103d codurile. A profitat, ca de obicei, de o situa\u0163ie serioas\u0103 ca s\u0103-l atace pe Predoiu \u015fi s\u0103 o sprijine pe Udrea, ca lider al dreptei. E un semn de iresponsabilitate. Cred c\u0103 cuno\u015ftin\u0163ele juridice ale lui B\u0103sescu se limiteaz\u0103 la \u00eencadrarea juridic\u0103 a aducerii de blugi de la Istanbul, altceva nu \u015ftie&#8221;, a spus <strong>Victor Ponta.<\/strong><\/p>\n<p data-index=\"3\">El a apreciat c\u0103 noile coduri sunt moderne, europene, mult mai bune dec\u00e2t cele ale lui Ceau\u015fescu din 1968 \u015fi c\u0103, f\u0103r\u0103 s\u0103 fie b\u0103nuit de simpatie pentru fostul ministru al Justi\u0163iei C\u0103t\u0103lin Predoiu, crede c\u0103 aceste coduri chiar sunt bune.<\/p>\n<p data-index=\"4\">Administra\u0163ia Preziden\u0163ial\u0103 a transmis, vineri, un comunicat \u00een care arat\u0103 c\u0103 pre\u015fedintele <strong>Traian B\u0103sescu<\/strong> \u00eei cere premierului Victor Ponta s\u0103 opereze, tot vineri, prin Ordonan\u0163\u0103 de urgen\u0163\u0103 a Guvenului modific\u0103rile la Codul de procedur\u0103 penal\u0103, men\u0163ion\u00e2nd c\u0103 acestea au fost solicitate \u00eenc\u0103 din luna septembrie a anului trecut.<\/p>\n<\/div>\n<p> Source URL: https:\/\/www.digi24.ro\/stiri\/actualitate\/politica\/v-ponta-atac-la-t-basescu-marinarii-trebuie-sa-inteleaga-si-ei-codul-penal-nu-se-refera-doar-la-traficul-de-blugi-193521<\/p>\n","protected":false},"excerpt":{"rendered":"<p>\u00a0 &#8220;Nespeciali\u015ftii, marinarii de exemplu, nu \u00een\u0163eleg nimic din lucrurile astea \u015fi trebuie s\u0103 \u00een\u0163eleag\u0103 \u015fi ei, c\u0103Codul penalnu se refer\u0103 doar la traficul de blugi, ci la lucruri complicate (&#8230;) Domnul B\u0103sescu habar nu are nici ce a semnat c\u00e2nd a promulgat codurile &#8211; lucru pe care \u00eel apreciez c\u0103 l-a recunoscut, c\u0103 nu [&hellip;]<\/p>\n","protected":false},"author":1,"featured_media":213841,"comment_status":"open","ping_status":"","sticky":false,"template":"","format":"standard","meta":{"footnotes":""},"categories":[2],"tags":[11],"class_list":["post-213840","post","type-post","status-publish","format-standard","has-post-thumbnail","hentry","category-politics","tag-digi24"],"_links":{"self":[{"href":"https:\/\/analyse.optim.biz\/index.php?rest_route=\/wp\/v2\/posts\/213840","targetHints":{"allow":["GET"]}}],"collection":[{"href":"https:\/\/analyse.optim.biz\/index.php?rest_route=\/wp\/v2\/posts"}],"about":[{"href":"https:\/\/analyse.optim.biz\/index.php?rest_route=\/wp\/v2\/types\/post"}],"author":[{"embeddable":true,"href":"https:\/\/analyse.optim.biz\/index.php?rest_route=\/wp\/v2\/users\/1"}],"replies":[{"embeddable":true,"href":"https:\/\/analyse.optim.biz\/index.php?rest_route=%2Fwp%2Fv2%2Fcomments&post=213840"}],"version-history":[{"count":0,"href":"https:\/\/analyse.optim.biz\/index.php?rest_route=\/wp\/v2\/posts\/213840\/revisions"}],"wp:featuredmedia":[{"embeddable":true,"href":"https:\/\/analyse.optim.biz\/index.php?rest_route=\/wp\/v2\/media\/213841"}],"wp:attachment":[{"href":"https:\/\/analyse.optim.biz\/index.php?rest_route=%2Fwp%2Fv2%2Fmedia&parent=213840"}],"wp:term":[{"taxonomy":"category","embeddable":true,"href":"https:\/\/analyse.optim.biz\/index.php?rest_route=%2Fwp%2Fv2%2Fcategories&post=213840"},{"taxonomy":"post_tag","embeddable":true,"href":"https:\/\/analyse.optim.biz\/index.php?rest_route=%2Fwp%2Fv2%2Ftags&post=213840"}],"curies":[{"name":"wp","href":"https:\/\/api.w.org\/{rel}","templated":true}]}}