{"id":213829,"date":"2014-02-01T12:41:54","date_gmt":"2014-02-01T09:41:54","guid":{"rendered":"https:\/\/analyse.optim.biz\/?p=213829"},"modified":"2014-02-01T12:41:54","modified_gmt":"2014-02-01T09:41:54","slug":"sedinta-la-pdl-dupa-plecarea-a-15-parlamentari-la-pmp","status":"publish","type":"post","link":"https:\/\/analyse.optim.biz\/?p=213829","title":{"rendered":"\u0218edin\u021b\u0103 la PDL dup\u0103 plecarea a 15 parlamentari la PMP"},"content":{"rendered":"<div class=\"entry data-app-meta data-app-meta-article\" data-embed-base-url-canonical=\"https:\/\/www.digi24.ro\/embed\/stiri\/actualitate\/politica\/sedinta-la-pdl-dupa-plecarea-a-15-parlamentari-la-pmp-193658\">\n<p data-index=\"1\">\u0218edin\u021ba PDL este \u00een plin\u0103 desf\u0103\u0219urare la aceast\u0103 or\u0103. Membrii PDL nu au f\u0103cut declara\u021bii cu privire la plecarea celor 15 parlamentari care au plecat la Mi\u0219carea Popular\u0103. Vasile Blaga, pre\u0219edintele PDL, nu a dorit s\u0103 fac\u0103 nicio declara\u021bie la \u00eenceputul \u0219edin\u021bei.<\/p>\n<p data-index=\"2\">\u0218edin\u021ba este una tensionat\u0103 pentru c\u0103, pe l\u00e2ng\u0103 ace\u0219ti 15 parlamentari, s-ar putea s\u0103 mai plece \u0219i al\u021bi membri ai partidului.<\/p>\n<p data-index=\"3\">Una dintre probleme este cu primarii, pentru c\u0103 unii dintre ei ar putea s\u0103 se \u00eenscrie \u00een Funda\u021bia Mi\u0219carea Popular\u0103. Dac\u0103 s-ar \u00eenscrie \u00een Partidul Mi\u0219carea Popular\u0103, ei \u0219i-ar pierde mandatul. Dac\u0103 PDL va pierde \u0219i primari, atunci problema este destul de mare pentru partid, pentru c\u0103 \u00een alegeri greul este dus de ei, iar anul acesta sunt dou\u0103 r\u00e2nduri de alegeri.<\/p>\n<\/div>\n<p> Source URL: https:\/\/www.digi24.ro\/stiri\/actualitate\/politica\/sedinta-la-pdl-dupa-plecarea-a-15-parlamentari-la-pmp-193658<\/p>\n","protected":false},"excerpt":{"rendered":"<p>\u0218edin\u021ba PDL este \u00een plin\u0103 desf\u0103\u0219urare la aceast\u0103 or\u0103. Membrii PDL nu au f\u0103cut declara\u021bii cu privire la plecarea celor 15 parlamentari care au plecat la Mi\u0219carea Popular\u0103. Vasile Blaga, pre\u0219edintele PDL, nu a dorit s\u0103 fac\u0103 nicio declara\u021bie la \u00eenceputul \u0219edin\u021bei. \u0218edin\u021ba este una tensionat\u0103 pentru c\u0103, pe l\u00e2ng\u0103 ace\u0219ti 15 parlamentari, s-ar putea [&hellip;]<\/p>\n","protected":false},"author":1,"featured_media":213830,"comment_status":"open","ping_status":"","sticky":false,"template":"","format":"standard","meta":{"footnotes":""},"categories":[2],"tags":[11],"class_list":["post-213829","post","type-post","status-publish","format-standard","has-post-thumbnail","hentry","category-politics","tag-digi24"],"_links":{"self":[{"href":"https:\/\/analyse.optim.biz\/index.php?rest_route=\/wp\/v2\/posts\/213829","targetHints":{"allow":["GET"]}}],"collection":[{"href":"https:\/\/analyse.optim.biz\/index.php?rest_route=\/wp\/v2\/posts"}],"about":[{"href":"https:\/\/analyse.optim.biz\/index.php?rest_route=\/wp\/v2\/types\/post"}],"author":[{"embeddable":true,"href":"https:\/\/analyse.optim.biz\/index.php?rest_route=\/wp\/v2\/users\/1"}],"replies":[{"embeddable":true,"href":"https:\/\/analyse.optim.biz\/index.php?rest_route=%2Fwp%2Fv2%2Fcomments&post=213829"}],"version-history":[{"count":0,"href":"https:\/\/analyse.optim.biz\/index.php?rest_route=\/wp\/v2\/posts\/213829\/revisions"}],"wp:featuredmedia":[{"embeddable":true,"href":"https:\/\/analyse.optim.biz\/index.php?rest_route=\/wp\/v2\/media\/213830"}],"wp:attachment":[{"href":"https:\/\/analyse.optim.biz\/index.php?rest_route=%2Fwp%2Fv2%2Fmedia&parent=213829"}],"wp:term":[{"taxonomy":"category","embeddable":true,"href":"https:\/\/analyse.optim.biz\/index.php?rest_route=%2Fwp%2Fv2%2Fcategories&post=213829"},{"taxonomy":"post_tag","embeddable":true,"href":"https:\/\/analyse.optim.biz\/index.php?rest_route=%2Fwp%2Fv2%2Ftags&post=213829"}],"curies":[{"name":"wp","href":"https:\/\/api.w.org\/{rel}","templated":true}]}}