{"id":213826,"date":"2014-02-01T21:24:36","date_gmt":"2014-02-01T18:24:36","guid":{"rendered":"https:\/\/analyse.optim.biz\/?p=213826"},"modified":"2014-02-01T21:24:36","modified_gmt":"2014-02-01T18:24:36","slug":"v-blaga-avem-un-nou-adversar-politic-pmp","status":"publish","type":"post","link":"https:\/\/analyse.optim.biz\/?p=213826","title":{"rendered":"V. Blaga: Avem un nou adversar politic &#8211; PMP"},"content":{"rendered":"<div class=\"entry data-app-meta data-app-meta-article\" data-embed-base-url-canonical=\"https:\/\/www.digi24.ro\/embed\/stiri\/actualitate\/politica\/v-blaga-avem-un-nou-adversar-politic-pmp-193747\">\n<p data-index=\"1\">\u00a0<img decoding=\"async\" src=\"https:\/\/analyse.optim.biz\/wp-content\/uploads\/2024\/09\/pti4mwjkzmzjyzm5ywi4ytu2ndu0ntg4zjfknmixyzq1-thumb_.jpg\" data-skip-htmlfix=\"1\" title=\"pti4mwjkzmzjyzm5ywi4ytu2ndu0ntg4zjfknmixyzq1-thumb_\"><\/p>\n<p data-index=\"2\"><strong>&#8221;PDL are \u00eenc\u0103 un adversar politic, deocamdat\u0103 nu \u00eei spun inamic. PDL are \u00eenc\u0103 un adversar, se nume\u015fte Partidul Mi\u015fcarea Popular\u0103, iar temperatura rela\u0163iilor depinde de acest partid, nu de noi. Suntem adversari pe scena politic\u0103&#8221;,<\/strong> a declarat Vasile Blaga la Bra\u015fov, unde s-a desf\u0103\u015furat Colegiul Director l\u0103rgit al PDL.<\/p>\n<p data-index=\"3\">Liderul PDL a mai spus, \u00een conferin\u0163a de pres\u0103 sus\u0163inut\u0103 la finalul Colegiului Director, c\u0103 a fost stabilit\u0103 strategia pentru alegerile eruoparlamentare, urm\u00e2nd ca s\u00e2mb\u0103ta viitoare s\u0103 fie organizat un miting \u00een Pia\u0163a Revolu\u0163iei din Bucure\u015fti.<\/p>\n<p data-index=\"4\">&#8220;Ast\u0103zi am stabilit strategia pentru alegerile eruoparlamentare, cu termene foarte precise pentru finalizarea listei respectiv sf\u00e2r\u015fitul acestei luni, pentru finalizarea num\u0103rului de semn\u0103turi minim necesar pentru a putea candida. De asemenea, am stabilit un debut de precampanie: vom organiza un miting la Bucure\u015fti, s\u00e2mb\u0103t\u0103, unde sper\u0103m s\u0103 avem un num\u0103r important de participan\u0163i, la care sunt invita\u0163i at\u00e2t membrii de partid, c\u00e2t \u015fi cet\u0103\u0163enii&#8221;, a declarat Blaga.<\/p>\n<p data-index=\"5\">El a mai spus c\u0103 lista candida\u0163ilor pentru europarlamentare va cuprinde &#8220;at\u00e2t nume cu experien\u0163\u0103, c\u00e2t \u015fi colegi tineri&#8221;.<\/p>\n<p data-index=\"6\">De la \u015fedin\u0163a Colegiului Director l\u0103rgit al PDL care s-a desf\u0103\u015furat la Bra\u015fov, unde va avea loc \u015fi Biroul Permanent Na\u0163ional al Partidului, au lipsit primarul Clujului, Emil Boc, primarul din Piatra Neam\u0163, Gheorghe \u015etefan, \u015fi primarul din Alba Iulia, Mircea Hava.<\/p>\n<h5><span>Blaga: Udrea nu ar fi ajuns niciodat\u0103 pre\u0219edinte al PDL<\/span><\/h5>\n<p data-index=\"7\">Liderul PDL, Vasile Blaga, a declarat, s\u00e2mb\u0103t\u0103, la Bra\u015fov, c\u0103 Elena Udrea nu ar fi ajuns niciodat\u0103 pre\u015fedinte al PDL \u015fi c\u0103 &#8220;vremea deciziilor \u00een plic a trecut&#8221;, ad\u0103ug\u00e2nd: &#8220;Bine c\u0103 a plecat&#8221;.<\/p>\n<p data-index=\"8\">&#8220;Nu po\u0163i, chiar dac\u0103 te cheam\u0103 Elena Udrea \u015fi ai anumite modalit\u0103\u0163i de exprimare, nu po\u0163i s\u0103 nu \u0163ii cont de voin\u0163a celor 137.000 de voturi care au desemnat un candidat la alegerile preziden\u0163iale. C\u0103 vrei tu s\u0103 fii pre\u015fedint\u0103 de partid, iat\u0103, \u0163i-ai rezolvat toate problemele \u00eentr-o singur\u0103 zi. <strong>Noi te-am chemat la Bra\u015fov s\u0103 ne spui de ce ne faci asta, tu ai plecat pe aproape, pe la Sighi\u015foara, te faci acum \u015fi pre\u015fedint\u0103 de partid \u015fi candidat. Merge de minune. Nu v\u0103 sup\u0103ra\u0163i, dar bine c\u0103 a plecat<\/strong>&#8220;, a spus Blaga, \u00eentr-o conferin\u0163\u0103 de pres\u0103.<\/p>\n<p data-index=\"9\">Blaga a mai sus\u0163inut c\u0103 \u00een partid s-au schimbat foarte multe lucruri, iar &#8220;vremea deciziilor \u00een plic a trecut&#8221;.<\/p>\n<p data-index=\"10\">&#8220;De aceea, ea (Elena Udrea &#8211; n.r.) <strong>n-ar fi putut, indiferent c\u00e2t ar fi insistat, s\u0103 fie votat\u0103 pre\u015fedintele acestui partid<\/strong>. E bine c\u0103 \u015fi-a g\u0103sit drumul, va fi \u015fi pre\u015fedint\u0103 de partid, va candida poate \u015fi la preziden\u0163iale. Treaba ei!&#8221;, a mai spus Blaga.<\/p>\n<p data-index=\"11\">S\u00e2mb\u0103t\u0103, la Bra\u015fov s-a desf\u0103\u015furat \u015fedin\u0163a Colegiului Director l\u0103rgit al PDL. Tot s\u00e2mb\u0103t\u0103, la Bra\u015fov va avea loc \u015fi \u015fedinta Biroului Permanent Na\u0163ional al PDL, la care fusese invitat\u0103 \u015fi Elena Udrea, pentru a explica declara\u0163iile sale publice privind deciziile conducerii PDL.<\/p>\n<p data-index=\"12\">Elena Udrea, care joi a demisionat din PDL \u015fi s-a \u00eenscris \u00een PMP, a participat, vineri \u015fi s\u00e2mb\u0103t\u0103, la Colegiul Na\u0163ional al PMP care s-a desf\u0103\u015furat la Sighi\u015foara.<\/p>\n<\/div>\n<p> Source URL: https:\/\/www.digi24.ro\/stiri\/actualitate\/politica\/v-blaga-avem-un-nou-adversar-politic-pmp-193747<\/p>\n","protected":false},"excerpt":{"rendered":"<p>\u00a0 &#8221;PDL are \u00eenc\u0103 un adversar politic, deocamdat\u0103 nu \u00eei spun inamic. PDL are \u00eenc\u0103 un adversar, se nume\u015fte Partidul Mi\u015fcarea Popular\u0103, iar temperatura rela\u0163iilor depinde de acest partid, nu de noi. Suntem adversari pe scena politic\u0103&#8221;, a declarat Vasile Blaga la Bra\u015fov, unde s-a desf\u0103\u015furat Colegiul Director l\u0103rgit al PDL. Liderul PDL a mai [&hellip;]<\/p>\n","protected":false},"author":1,"featured_media":213827,"comment_status":"open","ping_status":"","sticky":false,"template":"","format":"standard","meta":{"footnotes":""},"categories":[2],"tags":[11],"class_list":["post-213826","post","type-post","status-publish","format-standard","has-post-thumbnail","hentry","category-politics","tag-digi24"],"_links":{"self":[{"href":"https:\/\/analyse.optim.biz\/index.php?rest_route=\/wp\/v2\/posts\/213826","targetHints":{"allow":["GET"]}}],"collection":[{"href":"https:\/\/analyse.optim.biz\/index.php?rest_route=\/wp\/v2\/posts"}],"about":[{"href":"https:\/\/analyse.optim.biz\/index.php?rest_route=\/wp\/v2\/types\/post"}],"author":[{"embeddable":true,"href":"https:\/\/analyse.optim.biz\/index.php?rest_route=\/wp\/v2\/users\/1"}],"replies":[{"embeddable":true,"href":"https:\/\/analyse.optim.biz\/index.php?rest_route=%2Fwp%2Fv2%2Fcomments&post=213826"}],"version-history":[{"count":0,"href":"https:\/\/analyse.optim.biz\/index.php?rest_route=\/wp\/v2\/posts\/213826\/revisions"}],"wp:featuredmedia":[{"embeddable":true,"href":"https:\/\/analyse.optim.biz\/index.php?rest_route=\/wp\/v2\/media\/213827"}],"wp:attachment":[{"href":"https:\/\/analyse.optim.biz\/index.php?rest_route=%2Fwp%2Fv2%2Fmedia&parent=213826"}],"wp:term":[{"taxonomy":"category","embeddable":true,"href":"https:\/\/analyse.optim.biz\/index.php?rest_route=%2Fwp%2Fv2%2Fcategories&post=213826"},{"taxonomy":"post_tag","embeddable":true,"href":"https:\/\/analyse.optim.biz\/index.php?rest_route=%2Fwp%2Fv2%2Ftags&post=213826"}],"curies":[{"name":"wp","href":"https:\/\/api.w.org\/{rel}","templated":true}]}}