{"id":213804,"date":"2014-02-02T13:41:22","date_gmt":"2014-02-02T10:41:22","guid":{"rendered":"https:\/\/analyse.optim.biz\/?p=213804"},"modified":"2014-02-02T13:41:22","modified_gmt":"2014-02-02T10:41:22","slug":"surse-trei-ministri-liberali-ar-putea-fi-remaniati-saptamana-viitoare","status":"publish","type":"post","link":"https:\/\/analyse.optim.biz\/?p=213804","title":{"rendered":"Surse: Trei mini\u0219tri liberali ar putea fi remania\u021bi s\u0103pt\u0103m\u00e2na viitoare"},"content":{"rendered":"<div class=\"entry data-app-meta data-app-meta-article\" data-embed-base-url-canonical=\"https:\/\/www.digi24.ro\/embed\/stiri\/actualitate\/politica\/surse-trei-ministri-liberali-ar-putea-fi-remaniati-saptamana-viitoare-193899\">\n<p data-index=\"1\">Numele ministrului de Finan\u0163e, Daniel Chi\u0163oiu, este asociat cu problemele pe care le are so\u0163ia lui, urm\u0103rit\u0103 penal. Laura Chi\u0163oiu, director la Autoritatea de Supraveghere Financiar\u0103, este acuzat\u0103 c\u0103 ar fi \u00eencercat s\u0103 aranjeze interviul pentru evaluarea viitorului \u015fef al companiei de asigur\u0103ri Carpatica. Premierul nu a p\u0103rut influen\u0163at de dosar, dar liberalii spun c\u0103 lui Victor Ponta nu \u00eei convine de fapt situa\u0163ia.<\/p>\n<p data-index=\"2\">Pentru func\u0163ia de vicepremier pe care Daniel Chi\u0163oiu o de\u0163ine, pre\u015fedintele PNL Crin Antonescu \u015fi l-ar dori pe primarul Sibiului, Klaus Iohannis.<\/p>\n<p data-index=\"3\">Un alt ministru care \u015fi-ar putea pierde scaunul este Ramona M\u0103nescu. Ea ar fi trebuit s\u0103 coordoneze un centru operativ pentru localizarea avionului p\u0103rbu\u015fit acum dou\u0103 s\u0103pt\u0103m\u00e2ni \u00een Mun\u0163ii Apuseni. Dar Ramona M\u0103nescu nu \u015fi-a \u00eendeplinit obliga\u0163iile. \u015eeful ei din partid \u00eei g\u0103se\u015fte \u00eens\u0103 scuze.<\/p>\n<p data-index=\"4\">\u201e<span>M\u0103nescu este \u00eenc\u0103 \u00eentr-o perioad\u0103 de \u00eenceput. \u00cen fa\u021ba acestei tragedii trebuie s\u0103 facem ni\u0219te distinc\u021bii, s\u0103 localiz\u0103m responsabilitatea \u00een zona de v\u00e2rf, \u00een zona deciziei\u201d, a spus Crin Antonescu, pre\u015fedinte PNL.<\/span><\/p>\n<p data-index=\"5\">Surse din interiorul Partidului Na\u021bional Liberal spun c\u0103 \u015fi ministrul Muncii, Mariana C\u00e2mpeanu, este \u00een pericol. Mini\u015ftrii social-democra\u0163i nu au \u00eens\u0103 emo\u0163ii.<\/p>\n<p data-index=\"6\">\u201eEu nu inten\u021bionez a\u0219a ceva, dac\u0103 m\u0103 \u00eentreba\u021bi ca premier. Dac\u0103 m\u0103 \u00eentreba\u021bi ca lider al PSD, de la PSD nu\u201d, a spus Victor Ponta, pre\u0219edinte PSD.<\/p>\n<p data-index=\"7\">Patru mini\u015ftri liberali au p\u0103r\u0103sit Guvernul p\u00e2n\u0103 acum. Este vorba de Daniel Barbu, Radu Stroe, Relu Fenechiu \u015fi Varujan Vosganian. To\u0163i \u015fi-au dat demisia \u00een urma problemelor cu Justi\u0163ia sau a scandalurilor \u00een care au fost implica\u0163i.<\/p>\n<\/div>\n<p> Source URL: https:\/\/www.digi24.ro\/stiri\/actualitate\/politica\/surse-trei-ministri-liberali-ar-putea-fi-remaniati-saptamana-viitoare-193899<\/p>\n","protected":false},"excerpt":{"rendered":"<p>Numele ministrului de Finan\u0163e, Daniel Chi\u0163oiu, este asociat cu problemele pe care le are so\u0163ia lui, urm\u0103rit\u0103 penal. Laura Chi\u0163oiu, director la Autoritatea de Supraveghere Financiar\u0103, este acuzat\u0103 c\u0103 ar fi \u00eencercat s\u0103 aranjeze interviul pentru evaluarea viitorului \u015fef al companiei de asigur\u0103ri Carpatica. Premierul nu a p\u0103rut influen\u0163at de dosar, dar liberalii spun c\u0103 [&hellip;]<\/p>\n","protected":false},"author":1,"featured_media":213805,"comment_status":"open","ping_status":"","sticky":false,"template":"","format":"standard","meta":{"footnotes":""},"categories":[2],"tags":[11],"class_list":["post-213804","post","type-post","status-publish","format-standard","has-post-thumbnail","hentry","category-politics","tag-digi24"],"_links":{"self":[{"href":"https:\/\/analyse.optim.biz\/index.php?rest_route=\/wp\/v2\/posts\/213804","targetHints":{"allow":["GET"]}}],"collection":[{"href":"https:\/\/analyse.optim.biz\/index.php?rest_route=\/wp\/v2\/posts"}],"about":[{"href":"https:\/\/analyse.optim.biz\/index.php?rest_route=\/wp\/v2\/types\/post"}],"author":[{"embeddable":true,"href":"https:\/\/analyse.optim.biz\/index.php?rest_route=\/wp\/v2\/users\/1"}],"replies":[{"embeddable":true,"href":"https:\/\/analyse.optim.biz\/index.php?rest_route=%2Fwp%2Fv2%2Fcomments&post=213804"}],"version-history":[{"count":0,"href":"https:\/\/analyse.optim.biz\/index.php?rest_route=\/wp\/v2\/posts\/213804\/revisions"}],"wp:featuredmedia":[{"embeddable":true,"href":"https:\/\/analyse.optim.biz\/index.php?rest_route=\/wp\/v2\/media\/213805"}],"wp:attachment":[{"href":"https:\/\/analyse.optim.biz\/index.php?rest_route=%2Fwp%2Fv2%2Fmedia&parent=213804"}],"wp:term":[{"taxonomy":"category","embeddable":true,"href":"https:\/\/analyse.optim.biz\/index.php?rest_route=%2Fwp%2Fv2%2Fcategories&post=213804"},{"taxonomy":"post_tag","embeddable":true,"href":"https:\/\/analyse.optim.biz\/index.php?rest_route=%2Fwp%2Fv2%2Ftags&post=213804"}],"curies":[{"name":"wp","href":"https:\/\/api.w.org\/{rel}","templated":true}]}}