{"id":213793,"date":"2014-02-02T18:45:43","date_gmt":"2014-02-02T15:45:43","guid":{"rendered":"https:\/\/analyse.optim.biz\/?p=213793"},"modified":"2014-02-02T18:45:43","modified_gmt":"2014-02-02T15:45:43","slug":"intalnire-a-liderilor-usl-dupa-sedinta-csat","status":"publish","type":"post","link":"https:\/\/analyse.optim.biz\/?p=213793","title":{"rendered":"\u00cent\u00e2lnire a liderilor USL dup\u0103 \u0219edin\u021ba CSAT"},"content":{"rendered":"<div class=\"entry data-app-meta data-app-meta-article\" data-embed-base-url-canonical=\"https:\/\/www.digi24.ro\/embed\/stiri\/actualitate\/politica\/intalnire-a-liderilor-usl-dupa-sedinta-csat-193984\">\n<p data-index=\"1\">La \u00eent\u00e2lnire particip\u0103 to\u021bi mini\u0219tii care au participat la <a href=\"https:\/\/www.digi24.ro\/Stiri\/Digi24\/Actualitate\/Stiri\/Ministrul+Transporturilor+chemat+la+sedinta+CSAT\" target=\"_blank\" data-skip-linkfix=\"1\" rel=\"noopener\">\u0219edin\u021ba CSAT<\/a>, inclusiv premierul Victor Ponta, ministrul de Externe Titus Corl\u0103\u021bean, ministrul Finan\u021belor Daniel Chi\u021boiu, ministrul Justi\u021biei Robert Cazanciuc, ministrul Transporturilor Ramona M\u0103nescu. De asemenea, la \u00eent\u00e2lnirea USL a sosit \u0219i Ilie S\u00e2rbu, liderul senatorilor PSD. Crin Antonescu se afla deja la sediul USL Ace\u0219tia nu au f\u0103cut declara\u021bii pentru pres\u0103 la intrarea \u00een sediul USL.<\/p>\n<p data-index=\"2\">Pe agenda discu\u021biilor se afl\u0103, cel mai probabil, rezultatul \u0219edin\u021bei CSAT din aceast\u0103 dup\u0103-amiaz\u0103, dar \u0219i alte teme politice, av\u00e2nd \u00een vedere c\u0103 m\u00e2ine \u00eencepe o nou\u0103<a href=\"https:\/\/www.digi24.ro\/Stiri\/Digi24\/Actualitate\/Politica\/Noua+sesiune+parlamentara+Ce+proiecte+importante+sunt+pe+agenda+\" target=\"_blank\" data-skip-linkfix=\"1\" rel=\"noopener\"> sesiune parlamentar\u0103<\/a>.<\/p>\n<\/div>\n<p> Source URL: https:\/\/www.digi24.ro\/stiri\/actualitate\/politica\/intalnire-a-liderilor-usl-dupa-sedinta-csat-193984<\/p>\n","protected":false},"excerpt":{"rendered":"<p>La \u00eent\u00e2lnire particip\u0103 to\u021bi mini\u0219tii care au participat la \u0219edin\u021ba CSAT, inclusiv premierul Victor Ponta, ministrul de Externe Titus Corl\u0103\u021bean, ministrul Finan\u021belor Daniel Chi\u021boiu, ministrul Justi\u021biei Robert Cazanciuc, ministrul Transporturilor Ramona M\u0103nescu. De asemenea, la \u00eent\u00e2lnirea USL a sosit \u0219i Ilie S\u00e2rbu, liderul senatorilor PSD. Crin Antonescu se afla deja la sediul USL Ace\u0219tia nu [&hellip;]<\/p>\n","protected":false},"author":1,"featured_media":213794,"comment_status":"open","ping_status":"","sticky":false,"template":"","format":"standard","meta":{"footnotes":""},"categories":[2],"tags":[11],"class_list":["post-213793","post","type-post","status-publish","format-standard","has-post-thumbnail","hentry","category-politics","tag-digi24"],"_links":{"self":[{"href":"https:\/\/analyse.optim.biz\/index.php?rest_route=\/wp\/v2\/posts\/213793","targetHints":{"allow":["GET"]}}],"collection":[{"href":"https:\/\/analyse.optim.biz\/index.php?rest_route=\/wp\/v2\/posts"}],"about":[{"href":"https:\/\/analyse.optim.biz\/index.php?rest_route=\/wp\/v2\/types\/post"}],"author":[{"embeddable":true,"href":"https:\/\/analyse.optim.biz\/index.php?rest_route=\/wp\/v2\/users\/1"}],"replies":[{"embeddable":true,"href":"https:\/\/analyse.optim.biz\/index.php?rest_route=%2Fwp%2Fv2%2Fcomments&post=213793"}],"version-history":[{"count":0,"href":"https:\/\/analyse.optim.biz\/index.php?rest_route=\/wp\/v2\/posts\/213793\/revisions"}],"wp:featuredmedia":[{"embeddable":true,"href":"https:\/\/analyse.optim.biz\/index.php?rest_route=\/wp\/v2\/media\/213794"}],"wp:attachment":[{"href":"https:\/\/analyse.optim.biz\/index.php?rest_route=%2Fwp%2Fv2%2Fmedia&parent=213793"}],"wp:term":[{"taxonomy":"category","embeddable":true,"href":"https:\/\/analyse.optim.biz\/index.php?rest_route=%2Fwp%2Fv2%2Fcategories&post=213793"},{"taxonomy":"post_tag","embeddable":true,"href":"https:\/\/analyse.optim.biz\/index.php?rest_route=%2Fwp%2Fv2%2Ftags&post=213793"}],"curies":[{"name":"wp","href":"https:\/\/api.w.org\/{rel}","templated":true}]}}