{"id":213657,"date":"2014-02-04T12:45:58","date_gmt":"2014-02-04T09:45:58","guid":{"rendered":"https:\/\/analyse.optim.biz\/?p=213657"},"modified":"2014-02-04T12:45:58","modified_gmt":"2014-02-04T09:45:58","slug":"vasile-blaga-ii-raspunde-lui-victor-ponta-nu-am-sustinut-trecerea-sts-in-subordinea-mai","status":"publish","type":"post","link":"https:\/\/analyse.optim.biz\/?p=213657","title":{"rendered":"Vasile Blaga \u00eei r\u0103spunde lui Victor Ponta: Nu am sus\u021binut trecerea STS \u00een subordinea MAI"},"content":{"rendered":"<div class=\"entry data-app-meta data-app-meta-article\" data-embed-base-url-canonical=\"https:\/\/www.digi24.ro\/embed\/stiri\/actualitate\/politica\/vasile-blaga-ii-raspunde-lui-victor-ponta-nu-am-sustinut-trecerea-sts-in-subordinea-mai-194948\">\n<p data-index=\"1\">Fostul ministru de Interne Vasile Blaga a dezmin\u0163it acuza\u0163iile aduse de premierul Victor Ponta.<\/p>\n<p data-index=\"2\">\u201eVictor Ponta minte din nou cu neru\u0219inare c\u00e2nd spune c\u0103 am sus\u021binut trecerea STS \u00een subordinea Ministerului de Interne. Nu am cerut niciodat\u0103 acest lucru. Afirma\u021bia mincinoas\u0103 este parte din campania de intoxicare pe care Ponta o dezvolt\u0103 cu disperare pentru a-\u0219i masca vinov\u0103\u021bia \u00een cazul gestion\u0103rii catastrofale a accidentului aviatic din Mun\u021bii Apuseni\u201d, a declarat pre\u0219edintele PDL.<\/p>\n<p data-index=\"3\">Ieri, <a href=\"https:\/\/www.digi24.ro\/Stiri\/Digi24\/Actualitate\/Stiri\/V+Ponta+il+ataca+pe+T+Basescu+Nu+stie+ca+armata+trebuie+sa+intre\" data-skip-linkfix=\"1\">premierul Victor Ponta a declarat<\/a>, coment\u00e2nd inten\u0163ia PDL de a sesiza CCR \u00een privin\u0163a proiectului legislativ de mutare a STS \u00een subordinea MAI, c\u0103 Vasile Blaga sus\u0163inea tocmai acest lucru atunci c\u00e2nd era ministru de Interne.<\/p>\n<p data-index=\"4\">\u201e<span>Nici nu au v\u0103zut legea \u015fi o contest\u0103 la Curtea Constitu\u021bional\u0103? Credeam \u015fi eu c\u0103 s-au mai de\u015fteptat \u00een ultimul timp. Adic\u0103 ce o s\u0103 spun\u0103 domnul Blaga? C\u0103 nu e bine la MAI? C\u00e2nd era ministru de Interne, asta spunea, c\u0103 STS trebuie s\u0103 fie la Ministerul de Interne\u201d, a declarat Victor Ponta.<\/span><\/p>\n<p data-index=\"5\"><a href=\"https:\/\/www.digi24.ro\/Stiri\/Digi24\/Actualitate\/Stiri\/Proiect+depus+la+Parlament+STS+trece+la+MAI+si+va+fi+condus+de+u\" data-skip-linkfix=\"1\">Parlamentarii USL au depus la Camera Deputa\u021bilor un proiect de lege privind trecerea STS \u00een subordinea MAI<\/a>. \u0218eful STS ar urma s\u0103 fie numit de premier, iar Serviciul va fi un departament \u00een cadrul Ministerului de Interne.<\/p>\n<\/div>\n<p> Source URL: https:\/\/www.digi24.ro\/stiri\/actualitate\/politica\/vasile-blaga-ii-raspunde-lui-victor-ponta-nu-am-sustinut-trecerea-sts-in-subordinea-mai-194948<\/p>\n","protected":false},"excerpt":{"rendered":"<p>Fostul ministru de Interne Vasile Blaga a dezmin\u0163it acuza\u0163iile aduse de premierul Victor Ponta. \u201eVictor Ponta minte din nou cu neru\u0219inare c\u00e2nd spune c\u0103 am sus\u021binut trecerea STS \u00een subordinea Ministerului de Interne. Nu am cerut niciodat\u0103 acest lucru. Afirma\u021bia mincinoas\u0103 este parte din campania de intoxicare pe care Ponta o dezvolt\u0103 cu disperare pentru [&hellip;]<\/p>\n","protected":false},"author":1,"featured_media":213658,"comment_status":"open","ping_status":"","sticky":false,"template":"","format":"standard","meta":{"footnotes":""},"categories":[2],"tags":[11],"class_list":["post-213657","post","type-post","status-publish","format-standard","has-post-thumbnail","hentry","category-politics","tag-digi24"],"_links":{"self":[{"href":"https:\/\/analyse.optim.biz\/index.php?rest_route=\/wp\/v2\/posts\/213657","targetHints":{"allow":["GET"]}}],"collection":[{"href":"https:\/\/analyse.optim.biz\/index.php?rest_route=\/wp\/v2\/posts"}],"about":[{"href":"https:\/\/analyse.optim.biz\/index.php?rest_route=\/wp\/v2\/types\/post"}],"author":[{"embeddable":true,"href":"https:\/\/analyse.optim.biz\/index.php?rest_route=\/wp\/v2\/users\/1"}],"replies":[{"embeddable":true,"href":"https:\/\/analyse.optim.biz\/index.php?rest_route=%2Fwp%2Fv2%2Fcomments&post=213657"}],"version-history":[{"count":0,"href":"https:\/\/analyse.optim.biz\/index.php?rest_route=\/wp\/v2\/posts\/213657\/revisions"}],"wp:featuredmedia":[{"embeddable":true,"href":"https:\/\/analyse.optim.biz\/index.php?rest_route=\/wp\/v2\/media\/213658"}],"wp:attachment":[{"href":"https:\/\/analyse.optim.biz\/index.php?rest_route=%2Fwp%2Fv2%2Fmedia&parent=213657"}],"wp:term":[{"taxonomy":"category","embeddable":true,"href":"https:\/\/analyse.optim.biz\/index.php?rest_route=%2Fwp%2Fv2%2Fcategories&post=213657"},{"taxonomy":"post_tag","embeddable":true,"href":"https:\/\/analyse.optim.biz\/index.php?rest_route=%2Fwp%2Fv2%2Ftags&post=213657"}],"curies":[{"name":"wp","href":"https:\/\/api.w.org\/{rel}","templated":true}]}}