{"id":213635,"date":"2014-02-04T21:55:41","date_gmt":"2014-02-04T18:55:41","guid":{"rendered":"https:\/\/analyse.optim.biz\/?p=213635"},"modified":"2014-02-04T21:55:41","modified_gmt":"2014-02-04T18:55:41","slug":"c-t-popescu-domnul-ponta-este-un-demn-emul-si-discipol-al-domnului-basescu-sunt-sigur-ca-il-admira","status":"publish","type":"post","link":"https:\/\/analyse.optim.biz\/?p=213635","title":{"rendered":"C.T. Popescu: \u201eDomnul Ponta este un demn emul \u0219i discipol al domnului B\u0103sescu. Sunt sigur c\u0103 \u00eel admir\u0103\u201d"},"content":{"rendered":"<div class=\"entry data-app-meta data-app-meta-article\" data-embed-base-url-canonical=\"https:\/\/www.digi24.ro\/embed\/stiri\/actualitate\/politica\/c-t-popescu-domnul-ponta-este-un-demn-emul-si-discipol-al-domnului-basescu-sunt-sigur-ca-il-admira-195321\">\n<p data-index=\"1\"><strong>Cristian Tudor Popescu<\/strong> a vorbit \u0219i despre <a href=\"https:\/\/www.digi24.ro\/Stiri\/Digi24\/Actualitate\/Stiri\/Victor+Ponta+dupa+intalnirea+cu+FMI+Vom+sprijini+persoanele+fizi\" target=\"_blank\" data-skip-linkfix=\"1\" rel=\"noopener\"><strong>m\u0103sura Guvernului<\/strong><\/a> de a acorda facilit\u0103\u021bi celor care au datorii la b\u0103nci.<\/p>\n<p data-index=\"2\">\u201e<span>E prima dat\u0103 c\u00e2nd \u00eel vede\u021bi pe Traian B\u0103sescu cu o boare de lacrim\u0103 \u00een col\u021bul ochiului? Are talent la asta, o face cu u\u0219urin\u021b\u0103. D\u00e2nsul s-a automontat, este un actor de prim\u0103 m\u00e2n\u0103 \u0219i, la sf\u00e2r\u0219it, a reu\u0219it s\u0103 \u00ee\u0219i creeze starea interioar\u0103 pentru aceast\u0103 declara\u021bie dramatic\u0103: <\/span><strong><span lang=\"en-US\">&#8220;Dac<\/span><span>\u0103 voi ajunge \u0219i eu \u00een fa\u021ba dumneavoastr\u0103, atunci s\u0103 t\u0103ia\u021bi \u00een carne vie, dragii mo\u0219ului!<\/span><\/strong><span lang=\"en-US\"><strong>&#8220;<\/strong>. <\/span><span>Asta a vrut s\u0103 spun\u0103 domnul pre\u0219edinte, ar\u0103t\u00e2nd c\u00e2t de impar\u021bial \u0219i de dedicat independen\u021bei \u0219i for\u021bei justi\u021biei este domnia sa. <strong>O scenet\u0103<\/strong><\/span><span lang=\"en-US\"><strong>\u201d<\/strong>, <\/span><span>a precizat Cristian Tudor Popescu.<\/span><\/p>\n<p data-index=\"3\">Jurnalistul este de p\u0103rere c\u0103 \u00een aceea\u0219i categorie intr\u0103 \u0219i manevra premierului cu ajutorul pentru cei care nu \u00ee\u0219i mai pot pl\u0103ti ratele la banc\u0103.<\/p>\n<p data-index=\"4\">\u201e<span>Oamenii ace\u0219tia (n.red. &#8211; Traian B\u0103sescu \u0219i Victor Ponta) seam\u0103n\u0103 mult mai mult dec\u00e2t pare. <\/span><span lang=\"en-US\">Domnul Ponta <\/span><span>este un demn emul \u0219i discipol al domnului B\u0103sescu. <strong>Sunt sigur c\u0103 \u00eel admir\u0103 \u00een forul s\u0103u interior. Tinde \u0219i el s\u0103 ating\u0103 nivelul de cinism, de lips\u0103 de scrupule, de capacitate de a min\u021bi f\u0103r\u0103 s\u0103 clipeasc\u0103, pe care le-a probat \u00een at\u00e2tea r\u00e2nduri Traian B\u0103sescu. \u0218i e foarte bun \u0219i domnul Ponta \u00een direc\u021bia asta.<\/strong> Ce a vrut s\u0103 ob\u021bin\u0103? A venit cu aceast\u0103 m\u0103sur\u0103 de tipul &#8220;s\u0103 d\u0103m la oameni&#8221; \u0219i dore\u0219te s\u0103 creeze \u00een popula\u021bia s\u0103rac\u0103, din p\u0103cate numeroas\u0103, aceast\u0103 imagine a premierului care d\u0103 la oameni, are grij\u0103\u201d, a spus Cristian Tudor Popescu.<\/span><\/p>\n<\/div>\n<p> Source URL: https:\/\/www.digi24.ro\/stiri\/actualitate\/politica\/c-t-popescu-domnul-ponta-este-un-demn-emul-si-discipol-al-domnului-basescu-sunt-sigur-ca-il-admira-195321<\/p>\n","protected":false},"excerpt":{"rendered":"<p>Cristian Tudor Popescu a vorbit \u0219i despre m\u0103sura Guvernului de a acorda facilit\u0103\u021bi celor care au datorii la b\u0103nci. \u201eE prima dat\u0103 c\u00e2nd \u00eel vede\u021bi pe Traian B\u0103sescu cu o boare de lacrim\u0103 \u00een col\u021bul ochiului? Are talent la asta, o face cu u\u0219urin\u021b\u0103. D\u00e2nsul s-a automontat, este un actor de prim\u0103 m\u00e2n\u0103 \u0219i, la [&hellip;]<\/p>\n","protected":false},"author":1,"featured_media":213636,"comment_status":"open","ping_status":"","sticky":false,"template":"","format":"standard","meta":{"footnotes":""},"categories":[2],"tags":[11],"class_list":["post-213635","post","type-post","status-publish","format-standard","has-post-thumbnail","hentry","category-politics","tag-digi24"],"_links":{"self":[{"href":"https:\/\/analyse.optim.biz\/index.php?rest_route=\/wp\/v2\/posts\/213635","targetHints":{"allow":["GET"]}}],"collection":[{"href":"https:\/\/analyse.optim.biz\/index.php?rest_route=\/wp\/v2\/posts"}],"about":[{"href":"https:\/\/analyse.optim.biz\/index.php?rest_route=\/wp\/v2\/types\/post"}],"author":[{"embeddable":true,"href":"https:\/\/analyse.optim.biz\/index.php?rest_route=\/wp\/v2\/users\/1"}],"replies":[{"embeddable":true,"href":"https:\/\/analyse.optim.biz\/index.php?rest_route=%2Fwp%2Fv2%2Fcomments&post=213635"}],"version-history":[{"count":0,"href":"https:\/\/analyse.optim.biz\/index.php?rest_route=\/wp\/v2\/posts\/213635\/revisions"}],"wp:featuredmedia":[{"embeddable":true,"href":"https:\/\/analyse.optim.biz\/index.php?rest_route=\/wp\/v2\/media\/213636"}],"wp:attachment":[{"href":"https:\/\/analyse.optim.biz\/index.php?rest_route=%2Fwp%2Fv2%2Fmedia&parent=213635"}],"wp:term":[{"taxonomy":"category","embeddable":true,"href":"https:\/\/analyse.optim.biz\/index.php?rest_route=%2Fwp%2Fv2%2Fcategories&post=213635"},{"taxonomy":"post_tag","embeddable":true,"href":"https:\/\/analyse.optim.biz\/index.php?rest_route=%2Fwp%2Fv2%2Ftags&post=213635"}],"curies":[{"name":"wp","href":"https:\/\/api.w.org\/{rel}","templated":true}]}}