{"id":213613,"date":"2014-02-05T08:53:27","date_gmt":"2014-02-05T05:53:27","guid":{"rendered":"https:\/\/analyse.optim.biz\/?p=213613"},"modified":"2014-02-05T08:53:27","modified_gmt":"2014-02-05T05:53:27","slug":"studiu-trei-europarlamentari-nu-au-avut-nicio-activitate-in-legislativul-de-la-bruxelles","status":"publish","type":"post","link":"https:\/\/analyse.optim.biz\/?p=213613","title":{"rendered":"Studiu. Trei europarlamentari nu au avut nicio activitate \u00een Legislativul de la Bruxelles"},"content":{"rendered":"<div class=\"entry data-app-meta data-app-meta-article\" data-embed-base-url-canonical=\"https:\/\/www.digi24.ro\/embed\/stiri\/actualitate\/politica\/studiu-trei-europarlamentari-nu-au-avut-nicio-activitate-in-legislativul-de-la-bruxelles-195442\">\n<p data-index=\"1\">\u00cen topul absenteismului se afl\u0103 Corneliu Vadim Tudor, Dan Zamfirescu \u015fi Ovidiu Silaghi. Ei sunt europarlamentarii rom\u00e2ni f\u0103r\u0103 niciun fel de activitate \u00een Parlamentul European.<\/p>\n<p data-index=\"2\">Cei trei nu au depus rapoarte, proiecte de aviz, nu au formulat \u00eentreb\u0103ri parlamentare \u015fi nu de\u0163in vreo declara\u0163ie semnat\u0103 sau vreo mo\u0163iune de rezolu\u0163ie.<\/p>\n<p data-index=\"3\">Pe l\u00e2ng\u0103 cei trei, al\u0163i \u015fase europarlamentari rom\u00e2ni, printre care \u015fi mezina pre\u015fedintelui, Elena B\u0103sescu, nu au contribuit \u00een aproape cinci ani, la elaborarea vreunui raport.<\/p>\n<p data-index=\"4\">La polul opus se afl\u0103 democrat-liberala Monica Macovei, clasat\u0103 pe locul patru \u00een topul raportoarelor \u00eentocmite. \u00cen acest top, social-democrata Adriana \u0162ic\u0103u se afl\u0103 pe locul 24, cu zece rapoarte. Iuliu Winkler are \u015fase rapoarte, Marian-Jean Marinescu \u015fi Sabin Cuta\u015f &#8211; c\u00e2te cinci. <\/p>\n<p data-index=\"5\">Adina V\u0103lean, so\u0163ia liderului PNL Crin Antonescu, \u015fi fostul premier Theodor Stolojan au c\u00e2te patru rapoarte, Renate Weber &#8211; trei, Traian Ungureanu \u015fi Sogor Csaba &#8211; c\u00e2te dou\u0103. <\/p>\n<p data-index=\"6\"><strong>Europarlamentari f\u0103r\u0103 activitate<\/strong><\/p>\n<p data-index=\"7\">Corneliu Vadim Tudor<\/p>\n<p data-index=\"8\">Dan Zamfirescu<\/p>\n<p data-index=\"9\">Ovidiu Silaghi<\/p>\n<p data-index=\"10\"><strong>Europarlamentari f\u0103r\u0103 rapoarte<\/strong><\/p>\n<p data-index=\"11\">Elena B\u0103sescu<\/p>\n<p data-index=\"12\">Minodora Cliveti<\/p>\n<p data-index=\"13\">Viorica D\u0103ncil\u0103<\/p>\n<p data-index=\"14\">Iosif Matula<\/p>\n<p data-index=\"15\">Claudiu Ciprian T\u0103n\u0103sescu<\/p>\n<p data-index=\"16\">Adrian Severin<\/p>\n<p data-index=\"17\"><strong>Europarlamentari cu activitate<\/strong><\/p>\n<p data-index=\"18\">Monica Macovei<\/p>\n<p data-index=\"19\">Adriana \u0162ic\u0103u<\/p>\n<p data-index=\"20\">Iuliu Winkler<\/p>\n<p data-index=\"21\">Marian-Jean Marinescu<\/p>\n<p data-index=\"22\">George Sabin Cuta\u015f<\/p>\n<p data-index=\"23\">Adina V\u0103lean<\/p>\n<p data-index=\"24\">Theodor Stolojan<\/p>\n<p data-index=\"25\">Renate Weber<\/p>\n<p data-index=\"26\">Traian Ungureanu<\/p>\n<p data-index=\"27\">Sogor Csaba<\/p>\n<p data-index=\"28\"><em><span>Sursa: <a href=\"http:\/\/www.votewatch.eu\/\" target=\"_blank\" data-skip-linkfix=\"1\" rel=\"noopener\">votewatch.eu<\/a><\/span><\/em><\/p>\n<\/div>\n<p> Source URL: https:\/\/www.digi24.ro\/stiri\/actualitate\/politica\/studiu-trei-europarlamentari-nu-au-avut-nicio-activitate-in-legislativul-de-la-bruxelles-195442<\/p>\n","protected":false},"excerpt":{"rendered":"<p>\u00cen topul absenteismului se afl\u0103 Corneliu Vadim Tudor, Dan Zamfirescu \u015fi Ovidiu Silaghi. Ei sunt europarlamentarii rom\u00e2ni f\u0103r\u0103 niciun fel de activitate \u00een Parlamentul European. Cei trei nu au depus rapoarte, proiecte de aviz, nu au formulat \u00eentreb\u0103ri parlamentare \u015fi nu de\u0163in vreo declara\u0163ie semnat\u0103 sau vreo mo\u0163iune de rezolu\u0163ie. Pe l\u00e2ng\u0103 cei trei, al\u0163i [&hellip;]<\/p>\n","protected":false},"author":1,"featured_media":213614,"comment_status":"open","ping_status":"","sticky":false,"template":"","format":"standard","meta":{"footnotes":""},"categories":[2],"tags":[11],"class_list":["post-213613","post","type-post","status-publish","format-standard","has-post-thumbnail","hentry","category-politics","tag-digi24"],"_links":{"self":[{"href":"https:\/\/analyse.optim.biz\/index.php?rest_route=\/wp\/v2\/posts\/213613","targetHints":{"allow":["GET"]}}],"collection":[{"href":"https:\/\/analyse.optim.biz\/index.php?rest_route=\/wp\/v2\/posts"}],"about":[{"href":"https:\/\/analyse.optim.biz\/index.php?rest_route=\/wp\/v2\/types\/post"}],"author":[{"embeddable":true,"href":"https:\/\/analyse.optim.biz\/index.php?rest_route=\/wp\/v2\/users\/1"}],"replies":[{"embeddable":true,"href":"https:\/\/analyse.optim.biz\/index.php?rest_route=%2Fwp%2Fv2%2Fcomments&post=213613"}],"version-history":[{"count":0,"href":"https:\/\/analyse.optim.biz\/index.php?rest_route=\/wp\/v2\/posts\/213613\/revisions"}],"wp:featuredmedia":[{"embeddable":true,"href":"https:\/\/analyse.optim.biz\/index.php?rest_route=\/wp\/v2\/media\/213614"}],"wp:attachment":[{"href":"https:\/\/analyse.optim.biz\/index.php?rest_route=%2Fwp%2Fv2%2Fmedia&parent=213613"}],"wp:term":[{"taxonomy":"category","embeddable":true,"href":"https:\/\/analyse.optim.biz\/index.php?rest_route=%2Fwp%2Fv2%2Fcategories&post=213613"},{"taxonomy":"post_tag","embeddable":true,"href":"https:\/\/analyse.optim.biz\/index.php?rest_route=%2Fwp%2Fv2%2Ftags&post=213613"}],"curies":[{"name":"wp","href":"https:\/\/api.w.org\/{rel}","templated":true}]}}