{"id":213610,"date":"2014-02-05T16:37:07","date_gmt":"2014-02-05T13:37:07","guid":{"rendered":"https:\/\/analyse.optim.biz\/?p=213610"},"modified":"2014-02-05T16:37:07","modified_gmt":"2014-02-05T13:37:07","slug":"foto-elena-udrea-si-ciobanul-artimita","status":"publish","type":"post","link":"https:\/\/analyse.optim.biz\/?p=213610","title":{"rendered":"FOTO. Elena Udrea \u015fi ciobanul Artimi\u0163\u0103"},"content":{"rendered":"<div class=\"entry data-app-meta data-app-meta-article\" data-embed-base-url-canonical=\"https:\/\/www.digi24.ro\/embed\/stiri\/actualitate\/politica\/foto-elena-udrea-si-ciobanul-artimita-195787\">\n<p data-index=\"1\">\u00a0<img decoding=\"async\" src=\"https:\/\/analyse.optim.biz\/wp-content\/uploads\/2024\/09\/jmhhc2g9odfkzgm5njhmmmjlogewzguzmwzmntewyju4ntu0zte-thumb_.jpg\" data-skip-htmlfix=\"1\" title=\"jmhhc2g9odfkzgm5njhmmmjlogewzguzmwzmntewyju4ntu0zte-thumb_\"><\/p>\n<p data-index=\"2\">Nou \u00eenscris\u0103 \u00een Partidul Mi\u015fcarea Popular\u0103, Elena Udrea a \u00eenceput s\u0103 racoleze membri. A\u015fa a ajuns la ciobanul Artimi\u0163\u0103, un t\u00e2n\u0103r agricultor dornic s\u0103 se implice \u00een nou \u00eenfiin\u0163atul Partid.<\/p>\n<p data-index=\"3\">Elena Udrea a postat pe <strong><a href=\"https:\/\/www.facebook.com\/EUdrea?fref=ts\" target=\"_blank\" data-skip-linkfix=\"1\" rel=\"noopener\">pagina ei de Facebook<\/a><\/strong> poza cu Artimi\u0163\u0103 \u00eempreun\u0103 cu urm\u0103torul mesaj: \u201eAst\u0103zi am spus bun venit unui nou membru, Artimi\u0163\u0103 este un t\u00e2n\u0103r agricultor dornic s\u0103 se implice. PMP este un partid deschis oricui are ini\u0163iativ\u0103 \u015fi dorin\u021b\u0103 de schimbare ! P\u0103rerea ta conteaz\u0103 !\u201d<\/p>\n<p data-index=\"4\"><strong><a href=\"https:\/\/www.digi24.ro\/Stiri\/Digi24\/Actualitate\/Politica\/Sedinta+la+PDL+dupa+plecarea+a+15+parlamentari+la+PMP\" target=\"_blank\" data-skip-linkfix=\"1\" rel=\"noopener\">Elena Udrea \u015fi-a dat demisia<\/a><\/strong> din PDL \u00een urm\u0103 cu o s\u0103pt\u0103m\u00e2n\u0103. \u00cen doar dou\u0103 zile, exemplul ei a fost urmat de al\u0163i 14 parlamentari PDL.<\/p>\n<\/div>\n<p> Source URL: https:\/\/www.digi24.ro\/stiri\/actualitate\/politica\/foto-elena-udrea-si-ciobanul-artimita-195787<\/p>\n","protected":false},"excerpt":{"rendered":"<p>\u00a0 Nou \u00eenscris\u0103 \u00een Partidul Mi\u015fcarea Popular\u0103, Elena Udrea a \u00eenceput s\u0103 racoleze membri. A\u015fa a ajuns la ciobanul Artimi\u0163\u0103, un t\u00e2n\u0103r agricultor dornic s\u0103 se implice \u00een nou \u00eenfiin\u0163atul Partid. Elena Udrea a postat pe pagina ei de Facebook poza cu Artimi\u0163\u0103 \u00eempreun\u0103 cu urm\u0103torul mesaj: \u201eAst\u0103zi am spus bun venit unui nou membru, [&hellip;]<\/p>\n","protected":false},"author":1,"featured_media":213611,"comment_status":"open","ping_status":"","sticky":false,"template":"","format":"standard","meta":{"footnotes":""},"categories":[2],"tags":[11],"class_list":["post-213610","post","type-post","status-publish","format-standard","has-post-thumbnail","hentry","category-politics","tag-digi24"],"_links":{"self":[{"href":"https:\/\/analyse.optim.biz\/index.php?rest_route=\/wp\/v2\/posts\/213610","targetHints":{"allow":["GET"]}}],"collection":[{"href":"https:\/\/analyse.optim.biz\/index.php?rest_route=\/wp\/v2\/posts"}],"about":[{"href":"https:\/\/analyse.optim.biz\/index.php?rest_route=\/wp\/v2\/types\/post"}],"author":[{"embeddable":true,"href":"https:\/\/analyse.optim.biz\/index.php?rest_route=\/wp\/v2\/users\/1"}],"replies":[{"embeddable":true,"href":"https:\/\/analyse.optim.biz\/index.php?rest_route=%2Fwp%2Fv2%2Fcomments&post=213610"}],"version-history":[{"count":0,"href":"https:\/\/analyse.optim.biz\/index.php?rest_route=\/wp\/v2\/posts\/213610\/revisions"}],"wp:featuredmedia":[{"embeddable":true,"href":"https:\/\/analyse.optim.biz\/index.php?rest_route=\/wp\/v2\/media\/213611"}],"wp:attachment":[{"href":"https:\/\/analyse.optim.biz\/index.php?rest_route=%2Fwp%2Fv2%2Fmedia&parent=213610"}],"wp:term":[{"taxonomy":"category","embeddable":true,"href":"https:\/\/analyse.optim.biz\/index.php?rest_route=%2Fwp%2Fv2%2Fcategories&post=213610"},{"taxonomy":"post_tag","embeddable":true,"href":"https:\/\/analyse.optim.biz\/index.php?rest_route=%2Fwp%2Fv2%2Ftags&post=213610"}],"curies":[{"name":"wp","href":"https:\/\/api.w.org\/{rel}","templated":true}]}}