{"id":213596,"date":"2014-02-05T22:49:11","date_gmt":"2014-02-05T19:49:11","guid":{"rendered":"https:\/\/analyse.optim.biz\/?p=213596"},"modified":"2014-02-05T22:49:11","modified_gmt":"2014-02-05T19:49:11","slug":"traian-basescu-vizita-in-turcia-emil-hurezeanu-marea-neagra-este-de-fapt-un-lac-ruso-turcesc","status":"publish","type":"post","link":"https:\/\/analyse.optim.biz\/?p=213596","title":{"rendered":"Traian B\u0103sescu, vizit\u0103 \u00een Turcia. Emil Hurezeanu: Marea Neagr\u0103 este, de fapt, un lac ruso-turcesc"},"content":{"rendered":"<div class=\"entry data-app-meta data-app-meta-article\" data-embed-base-url-canonical=\"https:\/\/www.digi24.ro\/embed\/stiri\/actualitate\/politica\/traian-basescu-vizita-in-turcia-emil-hurezeanu-marea-neagra-este-de-fapt-un-lac-ruso-turcesc-195961\">\n<p data-index=\"1\">\u00cen contextul vizitei \u0219efului statului la Ankara, jurnalistul a evocat declara\u021bia f\u0103cut\u0103 de pre\u0219edinte \u00een 2005, la San Francisco.<\/p>\n<p data-index=\"2\">\u201e<span>Eu nu fac afirma\u021bii de acum. Marea Neagr\u0103 este tratat\u0103 ca un lac rusesc de sute de ani\u201d, a spus atunci Traian B\u0103sescu. <\/span><\/p>\n<p data-index=\"3\">\u201e<span><em><strong>Atunci s-au sup\u0103rat cel mai pu\u021bin ru\u0219ii. Cei care s-au sup\u0103rat \u0219i au avut motive de sup\u0103rare cred c\u0103 au fost turcii. S\u0103 vede\u021bi ce parteneriat strategic au cu ru\u0219ii la Marea Neagr\u0103: duopol. De fapt, Marea Neagr\u0103 este un lac ruso-turcesc.<\/strong><\/em>Turcii au problemele lor vechi \u0219i multe cu ru\u0219ii, dar, \u00een mare, se \u00een\u021beleg, pentru c\u0103 au multe \u00een comun\u201d, a explicat Emil Hurezeanu.<\/span><\/p>\n<p data-index=\"4\">Acesta a comentat \u0219i declara\u021bia \u0219efului statului privind sus\u021binerea Rom\u00e2niei pentru aderarea Turciei la Uniunea European\u0103.<\/p>\n<p data-index=\"5\">\u201e<span>L-am asigurat pe pre\u015fedintele Gul c\u0103 Rom\u00e2nia sus\u0163ine f\u0103r\u0103 rezerve succesul negocierilor de aderare a Turciei la Uniunea European\u0103 \u015fi credem c\u0103 a venit timpul acceler\u0103rii acestui proces\u201d, a spus pre\u015fedintele Traian B\u0103sescu, \u00een declara\u0163ia de pres\u0103 sus\u021binut\u0103 al\u0103turi de omologul s\u0103u, Abdullah Gul.<\/span><\/p>\n<p data-index=\"6\">\u201e<span><em><strong>E bine s\u0103 o spun\u0103, dar la ce folose\u0219te c\u00e2nd Fran\u021ba vrea s\u0103 fac\u0103 referendum pentru intrarea Turciei \u00een UE?<\/strong><\/em> \u0218tim bine c\u0103 rezultatul unui astfel de referendum va fi negativ\u201d, a precizat Emil Hurezeanu. El a reamintit, \u00een context, c\u0103 \u0219i Turcia a sus\u021binut aderarea Rom\u00e2niei la NATO.\u00a0<\/span><\/p>\n<\/div>\n<p> Source URL: https:\/\/www.digi24.ro\/stiri\/actualitate\/politica\/traian-basescu-vizita-in-turcia-emil-hurezeanu-marea-neagra-este-de-fapt-un-lac-ruso-turcesc-195961<\/p>\n","protected":false},"excerpt":{"rendered":"<p>\u00cen contextul vizitei \u0219efului statului la Ankara, jurnalistul a evocat declara\u021bia f\u0103cut\u0103 de pre\u0219edinte \u00een 2005, la San Francisco. \u201eEu nu fac afirma\u021bii de acum. Marea Neagr\u0103 este tratat\u0103 ca un lac rusesc de sute de ani\u201d, a spus atunci Traian B\u0103sescu. \u201eAtunci s-au sup\u0103rat cel mai pu\u021bin ru\u0219ii. Cei care s-au sup\u0103rat \u0219i au [&hellip;]<\/p>\n","protected":false},"author":1,"featured_media":213597,"comment_status":"open","ping_status":"","sticky":false,"template":"","format":"standard","meta":{"footnotes":""},"categories":[2],"tags":[11],"class_list":["post-213596","post","type-post","status-publish","format-standard","has-post-thumbnail","hentry","category-politics","tag-digi24"],"_links":{"self":[{"href":"https:\/\/analyse.optim.biz\/index.php?rest_route=\/wp\/v2\/posts\/213596","targetHints":{"allow":["GET"]}}],"collection":[{"href":"https:\/\/analyse.optim.biz\/index.php?rest_route=\/wp\/v2\/posts"}],"about":[{"href":"https:\/\/analyse.optim.biz\/index.php?rest_route=\/wp\/v2\/types\/post"}],"author":[{"embeddable":true,"href":"https:\/\/analyse.optim.biz\/index.php?rest_route=\/wp\/v2\/users\/1"}],"replies":[{"embeddable":true,"href":"https:\/\/analyse.optim.biz\/index.php?rest_route=%2Fwp%2Fv2%2Fcomments&post=213596"}],"version-history":[{"count":0,"href":"https:\/\/analyse.optim.biz\/index.php?rest_route=\/wp\/v2\/posts\/213596\/revisions"}],"wp:featuredmedia":[{"embeddable":true,"href":"https:\/\/analyse.optim.biz\/index.php?rest_route=\/wp\/v2\/media\/213597"}],"wp:attachment":[{"href":"https:\/\/analyse.optim.biz\/index.php?rest_route=%2Fwp%2Fv2%2Fmedia&parent=213596"}],"wp:term":[{"taxonomy":"category","embeddable":true,"href":"https:\/\/analyse.optim.biz\/index.php?rest_route=%2Fwp%2Fv2%2Fcategories&post=213596"},{"taxonomy":"post_tag","embeddable":true,"href":"https:\/\/analyse.optim.biz\/index.php?rest_route=%2Fwp%2Fv2%2Ftags&post=213596"}],"curies":[{"name":"wp","href":"https:\/\/api.w.org\/{rel}","templated":true}]}}