{"id":213555,"date":"2014-02-06T13:18:51","date_gmt":"2014-02-06T10:18:51","guid":{"rendered":"https:\/\/analyse.optim.biz\/?p=213555"},"modified":"2014-02-06T13:18:51","modified_gmt":"2014-02-06T10:18:51","slug":"surse-ministrii-daniel-chitoiu-si-mariana-campeanu-ar-putea-fi-inlocuiti-din-functie","status":"publish","type":"post","link":"https:\/\/analyse.optim.biz\/?p=213555","title":{"rendered":"Surse: Mini\u015ftrii Daniel Chi\u0163oiu \u015fi Mariana C\u00e2mpeanu ar putea fi \u00eenlocui\u0163i din func\u0163ie"},"content":{"rendered":"<div class=\"entry data-app-meta data-app-meta-article\" data-embed-base-url-canonical=\"https:\/\/www.digi24.ro\/embed\/stiri\/actualitate\/politica\/surse-ministrii-daniel-chitoiu-si-mariana-campeanu-ar-putea-fi-inlocuiti-din-functie-196240\">\n<p data-index=\"1\"><img decoding=\"async\" src=\"https:\/\/analyse.optim.biz\/wp-content\/uploads\/2024\/09\/agfzad1im2myytfhztqwzwi3ogyznddjmjqynte3mdbizdq2ng-thumb_.jpg\" data-skip-htmlfix=\"1\" title=\"agfzad1im2myytfhztqwzwi3ogyznddjmjqynte3mdbizdq2ng-thumb_\"><\/p>\n<p data-index=\"2\">\u00cen locul lui <strong>Eugen Nicol\u0103escu<\/strong>, la conducerea Ministerului S\u0103n\u0103t\u0103\u0163ii ar putea fi numit <strong>Cristian Bu\u015foi,<\/strong> de la Casa Na\u0163ional\u0103 de S\u0103n\u0103tate.<\/p>\n<p data-index=\"3\">\u00cen ceea ce prive\u015fte conducerea Ministerului de Interne, aceasta ar putea fi preluat\u0103 de <strong>Sorin Frunz\u0103verde<\/strong>.<\/p>\n<p data-index=\"4\">\u015ei <strong>Mariana C\u00e2mpeanu<\/strong> ar putea fi \u00eenlocuit\u0103 de la conducerea Ministerului Muncii. \u00cen locul s\u0103u ar putea fi numit\u0103 Cristina Pocora.<\/p>\n<p data-index=\"5\">Deciziile finale vor fi luate m\u00e2ine, la Delega\u0163ia permanent\u0103 a PNL.<\/p>\n<p data-index=\"6\">Schimb\u0103rile vin \u00een contextul <strong><a href=\"https:\/\/www.digi24.ro\/Stiri\/Digi24\/Actualitate\/Politica\/Reesalonarea+creditelor+creeaza+dispute+in+USL+V+Ponta+spune+ca+\" target=\"_blank\" data-skip-linkfix=\"1\" rel=\"noopener\">noului scandal la nivelul USL<\/a><\/strong> privind propunerea de ree\u015falonarea creditelor.<\/p>\n<p data-index=\"7\">Victor Ponta a spus c\u0103 subiectul s-a discutat \u00een Uniune, dar Crin Antonescu l-a contrazis.<\/p>\n<p data-index=\"8\">Surse din Uniune au declarat anterior pentru Mediafax c\u0103 m\u0103sura anun\u0163at\u0103 de Guvern, \u00een urma negocierilor cu reprezentan\u0163ii FMI, de ree\u015falonare a creditelor la b\u0103nci nu a fost discutat\u0103 la nivelul USL.<\/p>\n<p data-index=\"9\">Potrivit surselor citate, m\u0103sura nu a fost discutat\u0103 la nivelul USL, fiind promovat\u0103 de Ministerul de Finan\u0163e, condus de liberalul Daniel Chi\u0163oiu, prin intermediului ministrului delegat pentru buget, Liviu Voinea.<\/p>\n<p data-index=\"10\">PNL va avea o \u00eent\u00e2lnire de urgen\u0163\u0103 la 16.00.<\/p>\n<\/div>\n<p> Source URL: https:\/\/www.digi24.ro\/stiri\/actualitate\/politica\/surse-ministrii-daniel-chitoiu-si-mariana-campeanu-ar-putea-fi-inlocuiti-din-functie-196240<\/p>\n","protected":false},"excerpt":{"rendered":"<p>\u00cen locul lui Eugen Nicol\u0103escu, la conducerea Ministerului S\u0103n\u0103t\u0103\u0163ii ar putea fi numit Cristian Bu\u015foi, de la Casa Na\u0163ional\u0103 de S\u0103n\u0103tate. \u00cen ceea ce prive\u015fte conducerea Ministerului de Interne, aceasta ar putea fi preluat\u0103 de Sorin Frunz\u0103verde. \u015ei Mariana C\u00e2mpeanu ar putea fi \u00eenlocuit\u0103 de la conducerea Ministerului Muncii. \u00cen locul s\u0103u ar putea fi [&hellip;]<\/p>\n","protected":false},"author":1,"featured_media":213556,"comment_status":"open","ping_status":"","sticky":false,"template":"","format":"standard","meta":{"footnotes":""},"categories":[2],"tags":[11],"class_list":["post-213555","post","type-post","status-publish","format-standard","has-post-thumbnail","hentry","category-politics","tag-digi24"],"_links":{"self":[{"href":"https:\/\/analyse.optim.biz\/index.php?rest_route=\/wp\/v2\/posts\/213555","targetHints":{"allow":["GET"]}}],"collection":[{"href":"https:\/\/analyse.optim.biz\/index.php?rest_route=\/wp\/v2\/posts"}],"about":[{"href":"https:\/\/analyse.optim.biz\/index.php?rest_route=\/wp\/v2\/types\/post"}],"author":[{"embeddable":true,"href":"https:\/\/analyse.optim.biz\/index.php?rest_route=\/wp\/v2\/users\/1"}],"replies":[{"embeddable":true,"href":"https:\/\/analyse.optim.biz\/index.php?rest_route=%2Fwp%2Fv2%2Fcomments&post=213555"}],"version-history":[{"count":0,"href":"https:\/\/analyse.optim.biz\/index.php?rest_route=\/wp\/v2\/posts\/213555\/revisions"}],"wp:featuredmedia":[{"embeddable":true,"href":"https:\/\/analyse.optim.biz\/index.php?rest_route=\/wp\/v2\/media\/213556"}],"wp:attachment":[{"href":"https:\/\/analyse.optim.biz\/index.php?rest_route=%2Fwp%2Fv2%2Fmedia&parent=213555"}],"wp:term":[{"taxonomy":"category","embeddable":true,"href":"https:\/\/analyse.optim.biz\/index.php?rest_route=%2Fwp%2Fv2%2Fcategories&post=213555"},{"taxonomy":"post_tag","embeddable":true,"href":"https:\/\/analyse.optim.biz\/index.php?rest_route=%2Fwp%2Fv2%2Ftags&post=213555"}],"curies":[{"name":"wp","href":"https:\/\/api.w.org\/{rel}","templated":true}]}}