{"id":213543,"date":"2014-02-06T13:31:10","date_gmt":"2014-02-06T10:31:10","guid":{"rendered":"https:\/\/analyse.optim.biz\/?p=213543"},"modified":"2014-02-06T13:31:10","modified_gmt":"2014-02-06T10:31:10","slug":"k-iohannis-un-numar-mic-de-membri-pnl-cred-ca-ar-fi-o-varianta-iesirea-de-la-guvernare","status":"publish","type":"post","link":"https:\/\/analyse.optim.biz\/?p=213543","title":{"rendered":"K. Iohannis: Un num\u0103r mic de membri PNL cred c\u0103 ar fi o variant\u0103 ie\u015firea de la guvernare"},"content":{"rendered":"<div class=\"entry data-app-meta data-app-meta-article\" data-embed-base-url-canonical=\"https:\/\/www.digi24.ro\/embed\/stiri\/actualitate\/politica\/k-iohannis-un-numar-mic-de-membri-pnl-cred-ca-ar-fi-o-varianta-iesirea-de-la-guvernare-196257\">\n<p data-index=\"1\">\u00a0<img decoding=\"async\" src=\"https:\/\/analyse.optim.biz\/wp-content\/uploads\/2024\/09\/yju0mzrkm2jkmgq0ngrhogu1mjnkotq1ngvlmw-thumb_.jpg\" data-skip-htmlfix=\"1\" title=\"yju0mzrkm2jkmgq0ngrhogu1mjnkotq1ngvlmw-thumb_\"><\/p>\n<p data-index=\"2\">Klaus Iohannis a fost \u00eentrebat, joi, \u00eentr-o conferin\u0163\u0103 de pres\u0103, cum comenteaz\u0103 faptul c\u0103 tot mai mul\u0163i colegi de partid sus\u0163in ie\u015firea PNL de la guvernare, transmite Mediafax.<\/p>\n<p data-index=\"3\"><strong>&#8220;Asta este: sunt un num\u0103r mare de membri care vor s\u0103 continue USL \u015fi s\u0103 se r\u0103m\u00e2n\u0103 la guvernare \u015fi este un num\u0103r mai mic care cred c\u0103 ar fi o variant\u0103 ie\u015firea de la guvernare&#8221;<\/strong>, a r\u0103spuns el.<\/p>\n<p data-index=\"4\">\u00centrebat ce p\u0103rere are, personal, despre acest lucru, Iohannis a afirmat c\u0103 &#8220;sunt argumente \u015fi de-o parte \u015fi de alta&#8221;.<\/p>\n<p data-index=\"5\">&#8220;Sunt argumente \u015fi de-o parte \u015fi de alta. Argumentul principal pentru a r\u0103m\u00e2ne este c\u0103 USL a c\u00e2\u015ftigat alegerile \u015fi ar trebui s\u0103 continue p\u00e2n\u0103-\u015fi \u00eendepline\u015fte mandatul. <strong>Argumentul de cealalt\u0103 parte este c\u0103 PNL pierde profil \u00een cadrul alian\u0163ei, vezi m\u0103sura scutirilor de rate<\/strong>&#8220;, a spus Iohannis.<\/p>\n<p data-index=\"6\">\u00centrebat dac\u0103 eventuala ie\u015fire de la guvernare nu ar afecta candidatura lui Crin Antonescu la alegerile preziden\u0163iale, Iohannis a r\u0103spuns: &#8220;P\u0103rerile sunt foarte \u00eemp\u0103r\u0163ite. Cred c\u0103 ar trebui discutat\u0103 de anali\u015fti profesioni\u015fti. N-a\u015f r\u0103spunde la aceast\u0103 \u00eentrebare&#8221;.\u00a0<\/p>\n<\/div>\n<p> Source URL: https:\/\/www.digi24.ro\/stiri\/actualitate\/politica\/k-iohannis-un-numar-mic-de-membri-pnl-cred-ca-ar-fi-o-varianta-iesirea-de-la-guvernare-196257<\/p>\n","protected":false},"excerpt":{"rendered":"<p>\u00a0 Klaus Iohannis a fost \u00eentrebat, joi, \u00eentr-o conferin\u0163\u0103 de pres\u0103, cum comenteaz\u0103 faptul c\u0103 tot mai mul\u0163i colegi de partid sus\u0163in ie\u015firea PNL de la guvernare, transmite Mediafax. &#8220;Asta este: sunt un num\u0103r mare de membri care vor s\u0103 continue USL \u015fi s\u0103 se r\u0103m\u00e2n\u0103 la guvernare \u015fi este un num\u0103r mai mic care [&hellip;]<\/p>\n","protected":false},"author":1,"featured_media":213544,"comment_status":"open","ping_status":"","sticky":false,"template":"","format":"standard","meta":{"footnotes":""},"categories":[2],"tags":[11],"class_list":["post-213543","post","type-post","status-publish","format-standard","has-post-thumbnail","hentry","category-politics","tag-digi24"],"_links":{"self":[{"href":"https:\/\/analyse.optim.biz\/index.php?rest_route=\/wp\/v2\/posts\/213543","targetHints":{"allow":["GET"]}}],"collection":[{"href":"https:\/\/analyse.optim.biz\/index.php?rest_route=\/wp\/v2\/posts"}],"about":[{"href":"https:\/\/analyse.optim.biz\/index.php?rest_route=\/wp\/v2\/types\/post"}],"author":[{"embeddable":true,"href":"https:\/\/analyse.optim.biz\/index.php?rest_route=\/wp\/v2\/users\/1"}],"replies":[{"embeddable":true,"href":"https:\/\/analyse.optim.biz\/index.php?rest_route=%2Fwp%2Fv2%2Fcomments&post=213543"}],"version-history":[{"count":0,"href":"https:\/\/analyse.optim.biz\/index.php?rest_route=\/wp\/v2\/posts\/213543\/revisions"}],"wp:featuredmedia":[{"embeddable":true,"href":"https:\/\/analyse.optim.biz\/index.php?rest_route=\/wp\/v2\/media\/213544"}],"wp:attachment":[{"href":"https:\/\/analyse.optim.biz\/index.php?rest_route=%2Fwp%2Fv2%2Fmedia&parent=213543"}],"wp:term":[{"taxonomy":"category","embeddable":true,"href":"https:\/\/analyse.optim.biz\/index.php?rest_route=%2Fwp%2Fv2%2Fcategories&post=213543"},{"taxonomy":"post_tag","embeddable":true,"href":"https:\/\/analyse.optim.biz\/index.php?rest_route=%2Fwp%2Fv2%2Ftags&post=213543"}],"curies":[{"name":"wp","href":"https:\/\/api.w.org\/{rel}","templated":true}]}}