{"id":213531,"date":"2014-02-06T14:30:48","date_gmt":"2014-02-06T11:30:48","guid":{"rendered":"https:\/\/analyse.optim.biz\/?p=213531"},"modified":"2014-02-06T14:30:48","modified_gmt":"2014-02-06T11:30:48","slug":"victor-ponta-s-a-intalnit-cu-crin-antonescu-psd-si-pnl-ar-putea-face-schimb-de-ministere","status":"publish","type":"post","link":"https:\/\/analyse.optim.biz\/?p=213531","title":{"rendered":"Victor Ponta s-a \u00eent\u00e2lnit cu Crin Antonescu. PSD \u0219i PNL ar putea face schimb de ministere"},"content":{"rendered":"<div class=\"entry data-app-meta data-app-meta-article\" data-embed-base-url-canonical=\"https:\/\/www.digi24.ro\/embed\/stiri\/actualitate\/politica\/victor-ponta-s-a-intalnit-cu-crin-antonescu-psd-si-pnl-ar-putea-face-schimb-de-ministere-196310\">\n<p data-index=\"1\"><img decoding=\"async\" src=\"https:\/\/analyse.optim.biz\/wp-content\/uploads\/2024\/09\/ad04mzuzzjjmymfiytuyzwzkndqxzjy0njuxytg0ogmzyq-thumb_.jpg\" data-skip-htmlfix=\"1\" title=\"ad04mzuzzjjmymfiytuyzwzkndqxzjy0njuxytg0ogmzyq-thumb_\"><\/p>\n<p data-index=\"2\"><strong>Foto: Mediafax<\/strong><\/p>\n<p data-index=\"3\"><strong>Actualizare 15.43.\u00a0<\/strong>Premierul Victor Ponta a nu a dorit s\u0103 comenteze rezultatul \u00eent\u00e2lnirii avute la Parlament cu Crin Antonescu.<\/p>\n<p data-index=\"4\">\u201eP\u00e2n\u0103 m\u00e2ine, c\u00e2nd are loc \u0219edin\u021ba PNL, nu fac niciun comentariu\u201d, a spus el, refuz\u00e2nd s\u0103 dea detalii jurnali\u0219tilor despre posibilele schimb\u0103ri \u00een Guvern.<\/p>\n<p data-index=\"5\">Victor Ponta a spus c\u0103 a avut o \u201ediscu\u021bie foarte bun\u0103\u201d cu pre\u0219edintele PNL \u0219i c\u0103 \u201eUSL exist\u0103 \u0219i func\u021bioneaz\u0103\u201d.<\/p>\n<p data-index=\"6\">De asemenea, premierul a spus c\u0103 a \u201el\u0103murit\u201d cu Crin Antonescu chestiunea m\u0103surii pentru ree\u0219alonarea creditelor, dar a refuzat s\u0103 precizeze dac\u0103 aceasta a fost sau nu discutat\u0103 \u00een USL \u00eenainte de a fi anun\u021bat\u0103.<\/p>\n<p data-index=\"7\">___________________________<\/p>\n<p data-index=\"8\"><strong>Actualizare 14.41.<\/strong> Surse din USL spun c\u0103 PNL \u0219i PSD ar putea face schimb de ministere, astfel \u00eenc\u00e2t social-democra\u021bii s\u0103 numeasc\u0103 un ministrul la Intene, iar liberalii s\u0103 preia Ap\u0103rarea, unde ar urma s\u0103 fie numit Sorin Frunz\u0103verde.<\/p>\n<p data-index=\"9\">Purt\u0103torul de cuv\u00e2nt al PSD, C\u0103t\u0103lin Ivan, a declarat la Digi24 c\u0103 este vorba despre o informa\u021bie pe surse, pe care nu poate s\u0103 o confirme, \u0219i c\u0103 un posibil schimb de ministere nu a fost discutat oficial la nivelul USL.<\/p>\n<p data-index=\"10\">_______________________<\/p>\n<p data-index=\"11\">\u00cent\u00e2lnirea vine dup\u0103 ce surse din PNL au declarat c\u0103, m\u00e2ine, \u00een Delega\u0163ia permanent\u0103 a partidului, s-ar putea decide ca <a href=\"https:\/\/www.digi24.ro\/Stiri\/Digi24\/Actualitate\/Politica\/Surse+Ministrul+Finantelor+Daniel+Chitioiu+ar+putea+fi+inlocuit+\" target=\"_blank\" data-skip-linkfix=\"1\" rel=\"noopener\">ministrul Finan\u0163elor, Daniel Chi\u0163oiu, s\u0103 fie \u00eenlocuit<\/a> cu Eugen Nicol\u0103escu.<\/p>\n<p data-index=\"12\">\u00cen locul lui Eugen Nicol\u0103escu, la conducerea Ministerului S\u0103n\u0103t\u0103\u0163ii ar putea fi numit Cristian Bu\u015foi, de la Casa Na\u0163ional\u0103 de S\u0103n\u0103tate.<\/p>\n<p data-index=\"13\">\u00cen ceea ce prive\u015fte conducerea Ministerului de Interne, aceasta ar putea fi preluat\u0103 de Sorin Frunz\u0103verde.<\/p>\n<p data-index=\"14\">\u015ei Mariana C\u00e2mpeanu ar putea fi \u00eenlocuit\u0103 de la conducerea Ministerului Muncii. \u00cen locul s\u0103u ar putea fi numit\u0103 Cristina Pocora.<\/p>\n<p data-index=\"15\">Liberalii se \u00eent\u00e2lnesc ast\u0103zi, la ora 16.00 pentru a discuta despre posibila nominalizare a lui Sorin Fruz\u0103verde la Interne, potrivit unor surse din partid.<\/p>\n<h5>Ce spun liberalii despre posibilele schimb\u0103ri \u00een Guvern<\/h5>\n<p data-index=\"16\">Mai mul\u021bi parlamentari liberali spun c\u0103 nu \u0219tiu nimic despre posibilele \u00eenlocuiri de mini\u0219ti.<\/p>\n<p data-index=\"17\">\u201eNu am cuno\u0219tin\u021b\u0103 de astfel de modific\u0103ri, dar sigur c\u0103 o schimbare a lui Daniel Chi\u021boiu n-o v\u0103d acum posibil\u0103. Dar evident c\u0103 exist\u0103 ra\u021biuni care pot s\u0103 duc\u0103 la o modificare a strategiei partidului. Nu am auzit de o apropiere excesiv\u0103 de premier. O rela\u021bie foarte bun\u0103 \u00eentre un premier \u0219i un ministru de Finan\u021be e fireasc\u0103\u201d, spune senatorul PNL Marius Nicoar\u0103.<\/p>\n<p data-index=\"18\">\u201eCred c\u0103 p\u00e2n\u0103 m\u00e2ine sunt numai zvonuri. \u00cen afar\u0103 de faptul c\u0103 vom pune un ministru la Interne, restul nu \u0219tiu absolut nimic, nici m\u0103car cine va fi pus la interne\u201d, a spus deputatul Mih\u0103i\u021b\u0103 Calimente.<\/p>\n<p data-index=\"19\">\u00centrebat despre o posibil\u0103 numire a lui Sorin Frunz\u0103verde la Interne, parlamentarul spune c\u0103 nu are nicio informa\u021bie \u00een acest sens.<\/p>\n<p data-index=\"20\">Liderul senatorilor PNL, Puiu Ha\u0219otti, a declarat c\u0103 \u201epresa afl\u0103 de multe ori \u00eenaintea oamenilor politici ni\u015fte lucruri\u201d.<\/p>\n<p data-index=\"21\">\u201eSunt vicepre\u015fedinte al partidului, liderul senatorilor, dar nu \u015ftiu nimic\u201d, a spus el. \u00a0<\/p>\n<\/div>\n<p> Source URL: https:\/\/www.digi24.ro\/stiri\/actualitate\/politica\/victor-ponta-s-a-intalnit-cu-crin-antonescu-psd-si-pnl-ar-putea-face-schimb-de-ministere-196310<\/p>\n","protected":false},"excerpt":{"rendered":"<p>Foto: Mediafax Actualizare 15.43.\u00a0Premierul Victor Ponta a nu a dorit s\u0103 comenteze rezultatul \u00eent\u00e2lnirii avute la Parlament cu Crin Antonescu. \u201eP\u00e2n\u0103 m\u00e2ine, c\u00e2nd are loc \u0219edin\u021ba PNL, nu fac niciun comentariu\u201d, a spus el, refuz\u00e2nd s\u0103 dea detalii jurnali\u0219tilor despre posibilele schimb\u0103ri \u00een Guvern. Victor Ponta a spus c\u0103 a avut o \u201ediscu\u021bie foarte bun\u0103\u201d [&hellip;]<\/p>\n","protected":false},"author":1,"featured_media":213532,"comment_status":"open","ping_status":"","sticky":false,"template":"","format":"standard","meta":{"footnotes":""},"categories":[2],"tags":[11],"class_list":["post-213531","post","type-post","status-publish","format-standard","has-post-thumbnail","hentry","category-politics","tag-digi24"],"_links":{"self":[{"href":"https:\/\/analyse.optim.biz\/index.php?rest_route=\/wp\/v2\/posts\/213531","targetHints":{"allow":["GET"]}}],"collection":[{"href":"https:\/\/analyse.optim.biz\/index.php?rest_route=\/wp\/v2\/posts"}],"about":[{"href":"https:\/\/analyse.optim.biz\/index.php?rest_route=\/wp\/v2\/types\/post"}],"author":[{"embeddable":true,"href":"https:\/\/analyse.optim.biz\/index.php?rest_route=\/wp\/v2\/users\/1"}],"replies":[{"embeddable":true,"href":"https:\/\/analyse.optim.biz\/index.php?rest_route=%2Fwp%2Fv2%2Fcomments&post=213531"}],"version-history":[{"count":0,"href":"https:\/\/analyse.optim.biz\/index.php?rest_route=\/wp\/v2\/posts\/213531\/revisions"}],"wp:featuredmedia":[{"embeddable":true,"href":"https:\/\/analyse.optim.biz\/index.php?rest_route=\/wp\/v2\/media\/213532"}],"wp:attachment":[{"href":"https:\/\/analyse.optim.biz\/index.php?rest_route=%2Fwp%2Fv2%2Fmedia&parent=213531"}],"wp:term":[{"taxonomy":"category","embeddable":true,"href":"https:\/\/analyse.optim.biz\/index.php?rest_route=%2Fwp%2Fv2%2Fcategories&post=213531"},{"taxonomy":"post_tag","embeddable":true,"href":"https:\/\/analyse.optim.biz\/index.php?rest_route=%2Fwp%2Fv2%2Ftags&post=213531"}],"curies":[{"name":"wp","href":"https:\/\/api.w.org\/{rel}","templated":true}]}}