{"id":213528,"date":"2014-02-06T15:44:22","date_gmt":"2014-02-06T12:44:22","guid":{"rendered":"https:\/\/analyse.optim.biz\/?p=213528"},"modified":"2014-02-06T15:44:22","modified_gmt":"2014-02-06T12:44:22","slug":"daniel-chitoiu-iau-in-calcul-demisia","status":"publish","type":"post","link":"https:\/\/analyse.optim.biz\/?p=213528","title":{"rendered":"Daniel Chi\u0163oiu: Iau \u00een calcul demisia"},"content":{"rendered":"<div class=\"entry data-app-meta data-app-meta-article\" data-embed-base-url-canonical=\"https:\/\/www.digi24.ro\/embed\/stiri\/actualitate\/politica\/daniel-chitoiu-iau-in-calcul-demisia-196370\">\n<p data-index=\"1\"><img decoding=\"async\" src=\"https:\/\/analyse.optim.biz\/wp-content\/uploads\/2024\/09\/ymy1ndeynjeyyzjlnmu0ogiwmwzhmdnlma-thumb_.jpg\" data-skip-htmlfix=\"1\" title=\"ymy1ndeynjeyyzjlnmu0ogiwmwzhmdnlma-thumb_\"><\/p>\n<p data-index=\"2\"><strong>&#8220;Nu cred c\u0103 voi fi remaniat&#8221;<\/strong>, a declarat <a href=\"https:\/\/www.digi24.ro\/Stiri\/Digi24\/Actualitate\/Politica\/Surse+Ministrul+Finantelor+Daniel+Chitioiu+ar+putea+fi+inlocuit+\" target=\"_blank\" data-skip-linkfix=\"1\" rel=\"noopener\">Chi\u0163oiu<\/a>, la ie\u015firea de la \u00eent\u00e2lnirea liderilor USL de la Senat.<\/p>\n<p data-index=\"3\">\u00centrebat dac\u0103 este posibil s\u0103 demisioneze, ministrul Finan\u0163elor a r\u0103spuns: <strong>&#8220;Este o posibilitate&#8221;<\/strong>.<\/p>\n<p data-index=\"4\">\u00centrebat, de asemenea, dac\u0103 i-a fost cerut\u0103 demisia, <a href=\"https:\/\/www.digi24.ro\/Stiri\/Digi24\/Actualitate\/Politica\/Victor+Ponta+Nu+cunosc+sotiile+ministrilor+Sunt+multumit+de+acti\" target=\"_blank\" data-skip-linkfix=\"1\" rel=\"noopener\">Chi\u0163oiu<\/a> a spus: &#8220;Deocamdat\u0103&#8230; M\u00e2ine voi da un r\u0103spuns complet la \u015fedin\u0163a Biroului Politic&#8221;.<\/p>\n<p data-index=\"5\">Chi\u0163oiu a f\u0103cut aceste declara\u0163ii dup\u0103 \u00eent\u00e2lnirea liderilor USL, la care au participat Victor Ponta, Liviu Dragnea, Gabriel Oprea \u015fi Crin Antonescu, Daniel Chi\u0163oiu, Eduard Hellvig.<\/p>\n<\/div>\n<p> Source URL: https:\/\/www.digi24.ro\/stiri\/actualitate\/politica\/daniel-chitoiu-iau-in-calcul-demisia-196370<\/p>\n","protected":false},"excerpt":{"rendered":"<p>&#8220;Nu cred c\u0103 voi fi remaniat&#8221;, a declarat Chi\u0163oiu, la ie\u015firea de la \u00eent\u00e2lnirea liderilor USL de la Senat. \u00centrebat dac\u0103 este posibil s\u0103 demisioneze, ministrul Finan\u0163elor a r\u0103spuns: &#8220;Este o posibilitate&#8221;. \u00centrebat, de asemenea, dac\u0103 i-a fost cerut\u0103 demisia, Chi\u0163oiu a spus: &#8220;Deocamdat\u0103&#8230; M\u00e2ine voi da un r\u0103spuns complet la \u015fedin\u0163a Biroului Politic&#8221;. Chi\u0163oiu [&hellip;]<\/p>\n","protected":false},"author":1,"featured_media":213529,"comment_status":"open","ping_status":"","sticky":false,"template":"","format":"standard","meta":{"footnotes":""},"categories":[2],"tags":[11],"class_list":["post-213528","post","type-post","status-publish","format-standard","has-post-thumbnail","hentry","category-politics","tag-digi24"],"_links":{"self":[{"href":"https:\/\/analyse.optim.biz\/index.php?rest_route=\/wp\/v2\/posts\/213528","targetHints":{"allow":["GET"]}}],"collection":[{"href":"https:\/\/analyse.optim.biz\/index.php?rest_route=\/wp\/v2\/posts"}],"about":[{"href":"https:\/\/analyse.optim.biz\/index.php?rest_route=\/wp\/v2\/types\/post"}],"author":[{"embeddable":true,"href":"https:\/\/analyse.optim.biz\/index.php?rest_route=\/wp\/v2\/users\/1"}],"replies":[{"embeddable":true,"href":"https:\/\/analyse.optim.biz\/index.php?rest_route=%2Fwp%2Fv2%2Fcomments&post=213528"}],"version-history":[{"count":0,"href":"https:\/\/analyse.optim.biz\/index.php?rest_route=\/wp\/v2\/posts\/213528\/revisions"}],"wp:featuredmedia":[{"embeddable":true,"href":"https:\/\/analyse.optim.biz\/index.php?rest_route=\/wp\/v2\/media\/213529"}],"wp:attachment":[{"href":"https:\/\/analyse.optim.biz\/index.php?rest_route=%2Fwp%2Fv2%2Fmedia&parent=213528"}],"wp:term":[{"taxonomy":"category","embeddable":true,"href":"https:\/\/analyse.optim.biz\/index.php?rest_route=%2Fwp%2Fv2%2Fcategories&post=213528"},{"taxonomy":"post_tag","embeddable":true,"href":"https:\/\/analyse.optim.biz\/index.php?rest_route=%2Fwp%2Fv2%2Ftags&post=213528"}],"curies":[{"name":"wp","href":"https:\/\/api.w.org\/{rel}","templated":true}]}}