{"id":213505,"date":"2014-02-06T17:08:29","date_gmt":"2014-02-06T14:08:29","guid":{"rendered":"https:\/\/analyse.optim.biz\/?p=213505"},"modified":"2014-02-06T17:08:29","modified_gmt":"2014-02-06T14:08:29","slug":"surse-un-oficial-bnr-ar-putea-prelua-portofoliul-finantelor","status":"publish","type":"post","link":"https:\/\/analyse.optim.biz\/?p=213505","title":{"rendered":"Surse: Un oficial BNR ar putea prelua portofoliul Finan\u0163elor"},"content":{"rendered":"<div class=\"entry data-app-meta data-app-meta-article\" data-embed-base-url-canonical=\"https:\/\/www.digi24.ro\/embed\/stiri\/actualitate\/politica\/surse-un-oficial-bnr-ar-putea-prelua-portofoliul-finantelor-196452\">\n<p data-index=\"1\"><img decoding=\"async\" src=\"https:\/\/analyse.optim.biz\/wp-content\/uploads\/2024\/09\/nmzmmmjhzmjkmtdlyjmzyzi0zty3m2ezzmyznziwnwm-thumb_.jpg\" data-skip-htmlfix=\"1\" title=\"nmzmmmjhzmjkmtdlyjmzyzi0zty3m2ezzmyznziwnwm-thumb_\"><\/p>\n<p data-index=\"2\"><strong>ACTUALIZARE 17.30.<\/strong> \u201eAm avut o discu\u021bie cu domnul guvernator \u0219i cu domnul viceguvernator, cu ministrul de Finan\u021be \u0219i ministrul Bugetului despre proiectul cu ratele, faimosul proiect cu \u00eenjum\u0103t\u0103\u021birea ratelor, \u0219i, de asemenea am f\u0103cut un follow-up al vizitei Comisiei Europene, FMI \u0219i B\u0103ncii Mondiale\u201d, a declarat Victor Ponta, la ie\u0219irea de la BNR.<\/p>\n<p data-index=\"3\">\u00cen leg\u0103tur\u0103 cu viitorul ministru de Finan\u021be, premierul a spus: <em><strong>\u201eAm glumit pe seama faptului c\u0103 domnul Bogdan Olteanu&#8230;nu, nu e domnul Bogdan Olteanu\u201d.<\/strong><\/em><\/p>\n<p data-index=\"4\">\u00cen ceea ce-l prive\u0219te pe <strong>Florin Georgescu<\/strong>, Victor Ponta a spus c\u0103 acesta este \u00eentotdeauna o variant\u0103 pentru portofoliul Finan\u021belor,<strong> \u201edar nu vrea\u201d.<\/strong>\u00a0\u00a0<\/p>\n<p data-index=\"5\">_____________________________________________________________________________________<\/p>\n<p data-index=\"6\">Ar fi dou\u0103 variante pentru Ministerul de Finan\u021be: fostul de\u021bin\u0103tor al acestui portofoliu, <strong>Florin Georgescu &#8211;<\/strong>\u00a0cel care ocup\u0103, \u00een prezent postul de viceguvernator al B\u0103ncii Na\u021bionale &#8211; sau<strong> Bogdan Olteanu<\/strong>, care ocup\u0103 tot func\u021bia de viceguvernator BNR.<\/p>\n<p data-index=\"7\">Vicepremierul Daniel Chi\u0163oiu, ministru al Finan\u0163elor,<a href=\"https:\/\/www.digi24.ro\/Stiri\/Digi24\/Actualitate\/Politica\/Daniel+Chitoiu+Iau+in+calcul+demisia\" target=\"_blank\" data-skip-linkfix=\"1\" rel=\"noopener\"><strong> a declarat, joi,<\/strong><\/a> c\u0103 nu crede c\u0103 va fi remaniat, iar \u00eentrebat despre eventuala sa demisie, el a r\u0103spuns: \u201eE o posibilitate, m\u00e2ine voi da un r\u0103spuns\u201d.<\/p>\n<p data-index=\"8\">Surse din PNL spun c\u0103, m\u00e2ine, \u00een Delega\u0163ia permanent\u0103 a partidului, <a href=\"https:\/\/www.digi24.ro\/Stiri\/Digi24\/Actualitate\/Politica\/Surse+Ministrul+Finantelor+Daniel+Chitioiu+ar+putea+fi+inlocuit+\" target=\"_blank\" data-skip-linkfix=\"1\" rel=\"noopener\"><strong>s-ar putea decide<\/strong><\/a>ca ministrul Finan\u0163elor, Daniel Chi\u0163oiu, s\u0103 fie \u00eenlocuit cu Eugen Nicol\u0103escu.<\/p>\n<p data-index=\"9\">Schimb\u0103rile ar putea veni \u00een contextul\u00a0noului scandal la nivelul USL\u00a0privind propunerea de ree\u015falonarea creditelor.<\/p>\n<p data-index=\"10\">Victor Ponta a spus c\u0103 subiectul s-a discutat \u00een Uniune, dar Crin Antonescu l-a contrazis.<\/p>\n<p data-index=\"11\">Surse din Uniune au declarat anterior pentru Mediafax c\u0103 m\u0103sura anun\u0163at\u0103 de Guvern, \u00een urma negocierilor cu reprezentan\u0163ii FMI, de ree\u015falonare a creditelor la b\u0103nci nu a fost discutat\u0103 la nivelul USL.<\/p>\n<p data-index=\"12\">Potrivit surselor citate, m\u0103sura nu a fost discutat\u0103 la nivelul USL, fiind promovat\u0103 de Ministerul de Finan\u0163e, condus de liberalul<strong> Daniel Chi\u0163oiu<\/strong>, prin intermediului ministrului delegat pentru buget,<strong> Liviu Voinea<\/strong>.<\/p>\n<p data-index=\"13\">\u00a0\u00a0<\/p>\n<\/div>\n<p> Source URL: https:\/\/www.digi24.ro\/stiri\/actualitate\/politica\/surse-un-oficial-bnr-ar-putea-prelua-portofoliul-finantelor-196452<\/p>\n","protected":false},"excerpt":{"rendered":"<p>ACTUALIZARE 17.30. \u201eAm avut o discu\u021bie cu domnul guvernator \u0219i cu domnul viceguvernator, cu ministrul de Finan\u021be \u0219i ministrul Bugetului despre proiectul cu ratele, faimosul proiect cu \u00eenjum\u0103t\u0103\u021birea ratelor, \u0219i, de asemenea am f\u0103cut un follow-up al vizitei Comisiei Europene, FMI \u0219i B\u0103ncii Mondiale\u201d, a declarat Victor Ponta, la ie\u0219irea de la BNR. \u00cen leg\u0103tur\u0103 [&hellip;]<\/p>\n","protected":false},"author":1,"featured_media":213506,"comment_status":"open","ping_status":"","sticky":false,"template":"","format":"standard","meta":{"footnotes":""},"categories":[2],"tags":[11],"class_list":["post-213505","post","type-post","status-publish","format-standard","has-post-thumbnail","hentry","category-politics","tag-digi24"],"_links":{"self":[{"href":"https:\/\/analyse.optim.biz\/index.php?rest_route=\/wp\/v2\/posts\/213505","targetHints":{"allow":["GET"]}}],"collection":[{"href":"https:\/\/analyse.optim.biz\/index.php?rest_route=\/wp\/v2\/posts"}],"about":[{"href":"https:\/\/analyse.optim.biz\/index.php?rest_route=\/wp\/v2\/types\/post"}],"author":[{"embeddable":true,"href":"https:\/\/analyse.optim.biz\/index.php?rest_route=\/wp\/v2\/users\/1"}],"replies":[{"embeddable":true,"href":"https:\/\/analyse.optim.biz\/index.php?rest_route=%2Fwp%2Fv2%2Fcomments&post=213505"}],"version-history":[{"count":0,"href":"https:\/\/analyse.optim.biz\/index.php?rest_route=\/wp\/v2\/posts\/213505\/revisions"}],"wp:featuredmedia":[{"embeddable":true,"href":"https:\/\/analyse.optim.biz\/index.php?rest_route=\/wp\/v2\/media\/213506"}],"wp:attachment":[{"href":"https:\/\/analyse.optim.biz\/index.php?rest_route=%2Fwp%2Fv2%2Fmedia&parent=213505"}],"wp:term":[{"taxonomy":"category","embeddable":true,"href":"https:\/\/analyse.optim.biz\/index.php?rest_route=%2Fwp%2Fv2%2Fcategories&post=213505"},{"taxonomy":"post_tag","embeddable":true,"href":"https:\/\/analyse.optim.biz\/index.php?rest_route=%2Fwp%2Fv2%2Ftags&post=213505"}],"curies":[{"name":"wp","href":"https:\/\/api.w.org\/{rel}","templated":true}]}}