{"id":213502,"date":"2014-02-06T17:34:38","date_gmt":"2014-02-06T14:34:38","guid":{"rendered":"https:\/\/analyse.optim.biz\/?p=213502"},"modified":"2014-02-06T17:34:38","modified_gmt":"2014-02-06T14:34:38","slug":"victor-ponta-l-am-convins-pe-gheorghe-bunea-stancu-sa-isi-ceara-scuze-pentru-declaratiile-la-adresa-jurnalistei","status":"publish","type":"post","link":"https:\/\/analyse.optim.biz\/?p=213502","title":{"rendered":"Victor Ponta: L-am convins pe Gheorghe Bunea Stancu s\u0103 \u00ee\u015fi cear\u0103 scuze pentru declara\u0163iile la adresa jurnalistei"},"content":{"rendered":"<div class=\"entry data-app-meta data-app-meta-article\" data-embed-base-url-canonical=\"https:\/\/www.digi24.ro\/embed\/stiri\/actualitate\/politica\/victor-ponta-l-am-convins-pe-gheorghe-bunea-stancu-sa-isi-ceara-scuze-pentru-declaratiile-la-adresa-jurnalistei-196466\">\n<p data-index=\"1\"><img decoding=\"async\" src=\"https:\/\/analyse.optim.biz\/wp-content\/uploads\/2024\/09\/ad1mmtrmmjrmndkwnmqznzk0zwvknjuynji3yjg5mguzmw-thumb_.jpg\" data-skip-htmlfix=\"1\" title=\"ad1mmtrmmjrmndkwnmqznzk0zwvknjuynji3yjg5mguzmw-thumb_\"><\/p>\n<p data-index=\"2\"><strong><span>Foto: Mediafax<\/span><\/strong><\/p>\n<p data-index=\"3\">\u00centrebat dac\u0103 \u00een \u015fedin\u0163a de joi s-a discutat despre comportamentul pre\u015fedintelui Consiliului Jude\u0163ean Br\u0103ila \u015fi dac\u0103 i-a cerut acestuia s\u0103 \u00ee\u015fi cear\u0103 scuze, Victor Ponta a r\u0103spuns afirmativ.<\/p>\n<p data-index=\"4\">\u201e<span>O s\u0103 \u00ee\u015fi cear\u0103 scuze. L-am convins\u201d, a spus el.<\/span><\/p>\n<p data-index=\"5\">La intrarea la \u015fedin\u0163a CEx al PSD, Gheorghe Bunea Stancu a spus c\u0103 nu are nimic de comentat c\u00e2nd a fost \u00eentrebat dac\u0103 \u00ee\u0163i cere scuze pentru reac\u0163ia avut\u0103, potrivit Mediafax.<\/p>\n<p data-index=\"6\">Pre\u0219edintele CJ Br\u0103ila, Gheorghe Bunea Stancu,<a href=\"https:\/\/www.digi24.ro\/Stiri\/Digi24\/Actualitate\/Stiri\/Presedintele+CJ+Braila+intrebat+de+jurnalisti+daca+demisioneaza+\" target=\"_blank\" data-skip-linkfix=\"1\" rel=\"noopener\"> a avut o disput\u0103 cu o jurnalist\u0103<\/a> s\u0103pt\u0103m\u00e2na trecut\u0103, \u00een timpul unei conferin\u021be de pres\u0103.<\/p>\n<p data-index=\"7\">\u00centrebat de jurnali\u015fti despre concediul s\u0103u de zece zile, Gheorghe Bunea Stancu a spus c\u0103 este \u015fi el om \u015fi c\u0103 nu \u015fi-a mai permis un concediu de mult timp, iar atunci c\u00e2nd a plecat \u201easfaltul era negru\u201d.<\/p>\n<p data-index=\"8\">\u00cen momentul \u00een care o jurnalist\u0103 l-a \u00eentrebat dac\u0103 \u00ee\u015fi va da demisia, a\u015fa cum a procedat prefectul de Br\u0103ila, Gheorghi Obreja, criticat pentru modul \u00een care a gestionat desz\u0103pezirea \u00een jude\u0163ul Br\u0103ila, pre\u015fedintele CJ a r\u0103spuns: \u201eNu \u015ftiu de unde sunte\u0163i, dar dac\u0103 sunte\u0163i de la pres\u0103, v\u0103 rog s\u0103 fi\u0163i politicoas\u0103. Pune\u0163i m\u00e2na \u015fi citi\u0163i \u015fi vede\u0163i legea cum se ajunge la Consiliul Jude\u0163ean. Am fost activ \u015fi dac\u0103 nu am fost aici\u201d.<\/p>\n<p data-index=\"9\">La finalul conferin\u0163ei de pres\u0103, Gheorghe Bunea Stancu s-a auzit \u00een microfoanele aflate pe mas\u0103 cum \u00eei spune unei persoane din apropiere c\u0103 nu st\u0103 de vorb\u0103 cu \u201eni\u015fte f\u00e2\u0163e\u201d. De asemenea, a fost auzit\u0103 \u015fi remarca \u201eni\u015fte obraznici\u201d.<\/p>\n<p data-index=\"10\">Ulterior, schimbul de replici cu jurnalista care l-a \u00eentrebat pe Bunea Stancu dac\u0103 \u00ee\u015fi va da demisia a continuat la ie\u015firea din sala de conferin\u0163\u0103.<\/p>\n<p data-index=\"11\">\u201e<span>B\u0103i, s\u0103-\u0163i trimit demisia, m\u0103. Unde vrei s\u0103-\u0163i trimit demisia?\u201d, a \u00eentrebat-o Bunea Stancu pe jurnalist\u0103.<\/span><\/p>\n<p data-index=\"12\">\u201e<span>Domnule pre\u015fedinte, v-am vorbit frumos! Cum v\u0103 permite\u0163i s\u0103 vorbi\u0163i a\u015fa cu noi?\u201d, \u00eentreab\u0103 jurnalista, dar \u015fi un alt ziarist.<\/span><\/p>\n<p data-index=\"13\">\u201e<span>Nu ave\u0163i pic de bun sim\u0163. Nesim\u0163ire\u201d, mai spune pre\u015fedintele CJ Br\u0103ila \u00een timp ce p\u0103r\u0103se\u015fte sala.<\/span><\/p>\n<\/div>\n<p> Source URL: https:\/\/www.digi24.ro\/stiri\/actualitate\/politica\/victor-ponta-l-am-convins-pe-gheorghe-bunea-stancu-sa-isi-ceara-scuze-pentru-declaratiile-la-adresa-jurnalistei-196466<\/p>\n","protected":false},"excerpt":{"rendered":"<p>Foto: Mediafax \u00centrebat dac\u0103 \u00een \u015fedin\u0163a de joi s-a discutat despre comportamentul pre\u015fedintelui Consiliului Jude\u0163ean Br\u0103ila \u015fi dac\u0103 i-a cerut acestuia s\u0103 \u00ee\u015fi cear\u0103 scuze, Victor Ponta a r\u0103spuns afirmativ. \u201eO s\u0103 \u00ee\u015fi cear\u0103 scuze. L-am convins\u201d, a spus el. La intrarea la \u015fedin\u0163a CEx al PSD, Gheorghe Bunea Stancu a spus c\u0103 nu are [&hellip;]<\/p>\n","protected":false},"author":1,"featured_media":213503,"comment_status":"open","ping_status":"","sticky":false,"template":"","format":"standard","meta":{"footnotes":""},"categories":[2],"tags":[11],"class_list":["post-213502","post","type-post","status-publish","format-standard","has-post-thumbnail","hentry","category-politics","tag-digi24"],"_links":{"self":[{"href":"https:\/\/analyse.optim.biz\/index.php?rest_route=\/wp\/v2\/posts\/213502","targetHints":{"allow":["GET"]}}],"collection":[{"href":"https:\/\/analyse.optim.biz\/index.php?rest_route=\/wp\/v2\/posts"}],"about":[{"href":"https:\/\/analyse.optim.biz\/index.php?rest_route=\/wp\/v2\/types\/post"}],"author":[{"embeddable":true,"href":"https:\/\/analyse.optim.biz\/index.php?rest_route=\/wp\/v2\/users\/1"}],"replies":[{"embeddable":true,"href":"https:\/\/analyse.optim.biz\/index.php?rest_route=%2Fwp%2Fv2%2Fcomments&post=213502"}],"version-history":[{"count":0,"href":"https:\/\/analyse.optim.biz\/index.php?rest_route=\/wp\/v2\/posts\/213502\/revisions"}],"wp:featuredmedia":[{"embeddable":true,"href":"https:\/\/analyse.optim.biz\/index.php?rest_route=\/wp\/v2\/media\/213503"}],"wp:attachment":[{"href":"https:\/\/analyse.optim.biz\/index.php?rest_route=%2Fwp%2Fv2%2Fmedia&parent=213502"}],"wp:term":[{"taxonomy":"category","embeddable":true,"href":"https:\/\/analyse.optim.biz\/index.php?rest_route=%2Fwp%2Fv2%2Fcategories&post=213502"},{"taxonomy":"post_tag","embeddable":true,"href":"https:\/\/analyse.optim.biz\/index.php?rest_route=%2Fwp%2Fv2%2Ftags&post=213502"}],"curies":[{"name":"wp","href":"https:\/\/api.w.org\/{rel}","templated":true}]}}