{"id":213392,"date":"2014-02-07T12:14:57","date_gmt":"2014-02-07T09:14:57","guid":{"rendered":"https:\/\/analyse.optim.biz\/?p=213392"},"modified":"2014-02-07T12:14:57","modified_gmt":"2014-02-07T09:14:57","slug":"crin-antonescu-nu-vreau-sa-iesim-de-la-guvernare-vreau-sa-intram","status":"publish","type":"post","link":"https:\/\/analyse.optim.biz\/?p=213392","title":{"rendered":"Crin Antonescu: Nu vreau s\u0103 ie\u015fim de la guvernare, vreau s\u0103 intr\u0103m"},"content":{"rendered":"<div class=\"entry data-app-meta data-app-meta-article\" data-embed-base-url-canonical=\"https:\/\/www.digi24.ro\/embed\/stiri\/actualitate\/politica\/crin-antonescu-nu-vreau-sa-iesim-de-la-guvernare-vreau-sa-intram-196778\">\n<p data-index=\"1\">\u00a0<img decoding=\"async\" src=\"https:\/\/analyse.optim.biz\/wp-content\/uploads\/2024\/09\/odawjmhhc2g9ywuynwmwodq3owmzodrlzmu3nde0mjuzmjjmmmi0odm-thumb_.jpg\" data-skip-htmlfix=\"1\" title=\"odawjmhhc2g9ywuynwmwodq3owmzodrlzmu3nde0mjuzmjjmmmi0odm-thumb_\"><\/p>\n<p data-index=\"2\">\u201e<span>Nu vreau s\u0103 ie\u015fim de la guvernare, vreau s\u0103 intr\u0103m!\u201d, le-a spus Antonescu liberalilor, potrivit Mediafax, care citeaz\u0103 surse liberale.<\/span><\/p>\n<p data-index=\"3\">\u00cen aceast\u0103 reuniune se discut\u0103 despre numirile de noi mini\u015ftri liberali, care, conform unor surse liberale, sunt:\u00a0<strong>Sorin\u00a0Frunz\u0103verde &#8211; MAI,\u00a0Teodor Atanasiu\u00a0&#8211; Economie,\u00a0Eugen Nicol\u0103escu\u00a0&#8211; Finan\u0163e, Cristian Bu\u015foi &#8211; S\u0103n\u0103tate<\/strong>.<\/p>\n<p data-index=\"4\">La ora transmiterii acestei \u015ftiri, \u015fedin\u0163a BPN al PNL este \u00een desf\u0103\u015furare.<\/p>\n<p data-index=\"5\"><strong>Crin Antonescu<\/strong> a mai f\u0103cut o astfel de declara\u021bie surprinz\u0103toare. Liderul PNL a spus \u00een emisiunea \u201eKM0\u201d, de la Digi24, <a href=\"https:\/\/www.digi24.ro\/Stiri\/Digi24\/Actualitate\/Politica\/Crin+Antonescu+Digi24+Cine+este+astazi+liderul+opozitiei+Tot+eu\" target=\"_blank\" data-skip-linkfix=\"1\" rel=\"noopener\">\u00een luna septembrie a anului trecut<\/a>, c\u0103 partidul pe care \u00eel conduce este la guvernare, dar nu \u0219i la putere.<\/p>\n<p data-index=\"6\">\u00centrebat<strong> \u201ecine este ast\u0103zi liderul opozi\u0163iei\u201d<\/strong>, Crin Antonescu a dat un r\u0103spuns nea\u015fteptat: <strong>\u201eCred c\u0103 tot eu. Dar opozi\u0163ia nu e la guvern, opozi\u0163ia e la putere.\u201d<\/strong> Relu\u00e2nd ulterior subiectul, el a continuat: \u201eNu suntem la putere. M\u0103 refer la mine \u015fi la PNL.\u201d<\/p>\n<\/div>\n<p> Source URL: https:\/\/www.digi24.ro\/stiri\/actualitate\/politica\/crin-antonescu-nu-vreau-sa-iesim-de-la-guvernare-vreau-sa-intram-196778<\/p>\n","protected":false},"excerpt":{"rendered":"<p>\u00a0 \u201eNu vreau s\u0103 ie\u015fim de la guvernare, vreau s\u0103 intr\u0103m!\u201d, le-a spus Antonescu liberalilor, potrivit Mediafax, care citeaz\u0103 surse liberale. \u00cen aceast\u0103 reuniune se discut\u0103 despre numirile de noi mini\u015ftri liberali, care, conform unor surse liberale, sunt:\u00a0Sorin\u00a0Frunz\u0103verde &#8211; MAI,\u00a0Teodor Atanasiu\u00a0&#8211; Economie,\u00a0Eugen Nicol\u0103escu\u00a0&#8211; Finan\u0163e, Cristian Bu\u015foi &#8211; S\u0103n\u0103tate. La ora transmiterii acestei \u015ftiri, \u015fedin\u0163a BPN [&hellip;]<\/p>\n","protected":false},"author":1,"featured_media":213393,"comment_status":"open","ping_status":"","sticky":false,"template":"","format":"standard","meta":{"footnotes":""},"categories":[2],"tags":[11],"class_list":["post-213392","post","type-post","status-publish","format-standard","has-post-thumbnail","hentry","category-politics","tag-digi24"],"_links":{"self":[{"href":"https:\/\/analyse.optim.biz\/index.php?rest_route=\/wp\/v2\/posts\/213392","targetHints":{"allow":["GET"]}}],"collection":[{"href":"https:\/\/analyse.optim.biz\/index.php?rest_route=\/wp\/v2\/posts"}],"about":[{"href":"https:\/\/analyse.optim.biz\/index.php?rest_route=\/wp\/v2\/types\/post"}],"author":[{"embeddable":true,"href":"https:\/\/analyse.optim.biz\/index.php?rest_route=\/wp\/v2\/users\/1"}],"replies":[{"embeddable":true,"href":"https:\/\/analyse.optim.biz\/index.php?rest_route=%2Fwp%2Fv2%2Fcomments&post=213392"}],"version-history":[{"count":0,"href":"https:\/\/analyse.optim.biz\/index.php?rest_route=\/wp\/v2\/posts\/213392\/revisions"}],"wp:featuredmedia":[{"embeddable":true,"href":"https:\/\/analyse.optim.biz\/index.php?rest_route=\/wp\/v2\/media\/213393"}],"wp:attachment":[{"href":"https:\/\/analyse.optim.biz\/index.php?rest_route=%2Fwp%2Fv2%2Fmedia&parent=213392"}],"wp:term":[{"taxonomy":"category","embeddable":true,"href":"https:\/\/analyse.optim.biz\/index.php?rest_route=%2Fwp%2Fv2%2Fcategories&post=213392"},{"taxonomy":"post_tag","embeddable":true,"href":"https:\/\/analyse.optim.biz\/index.php?rest_route=%2Fwp%2Fv2%2Ftags&post=213392"}],"curies":[{"name":"wp","href":"https:\/\/api.w.org\/{rel}","templated":true}]}}