{"id":213381,"date":"2014-02-07T12:31:30","date_gmt":"2014-02-07T09:31:30","guid":{"rendered":"https:\/\/analyse.optim.biz\/?p=213381"},"modified":"2014-02-07T12:31:30","modified_gmt":"2014-02-07T09:31:30","slug":"klaus-iohannis-a-acceptat-functia-de-ministru-de-interne","status":"publish","type":"post","link":"https:\/\/analyse.optim.biz\/?p=213381","title":{"rendered":"Klaus Iohannis a acceptat func\u021bia de ministru de Interne"},"content":{"rendered":"<div class=\"entry data-app-meta data-app-meta-article\" data-embed-base-url-canonical=\"https:\/\/www.digi24.ro\/embed\/stiri\/actualitate\/politica\/klaus-iohannis-a-acceptat-functia-de-ministru-de-interne-196783\">\n<p data-index=\"1\"><strong>ACTUALIZARE 13.50.<\/strong><strong>Klaus Iohannis<\/strong> nu ar vrea s\u0103 renun\u0163e la Prim\u0103ria Sibiu, o variant\u0103 fiind suspendarea sa pentru \u015fase luni, au declarat pentru Mediafax surse din partid. \u00a0<\/p>\n<hr>\n<p data-index=\"2\">Din primele informa\u021bii, Klaus Iohannis a acceptat func\u021bia de ministru de Interne \u0219i s\u0103 preia \u0219i func\u021bia de vicepremier. El ar fi acceptat la presiunile din PNL.<\/p>\n<p data-index=\"3\">Iohannis a refuzat \u00een ultima vreme s\u0103 accepte func\u021bii de ministru, dar cu siguran\u021b\u0103 c\u0103 la decizia sa a contribuit \u0219i propunerea de a deveni vicepremier.<\/p>\n<p data-index=\"4\">Potrivit Mediafax, Klaus Iohannis nu vrea s\u0103 renun\u021be la func\u021bia de primar al Sibiului, \u00een acest caz o solu\u021bie ar fi suspendarea pentru \u0219ase luni din func\u021bie.<\/p>\n<p data-index=\"5\">\u0218efia MAI a devenit vacant\u0103 dup\u0103 ce Radu Stroe a demisionat \u00een luna ianuarie, \u00een urma accidentului aviatic din Mun\u021bii Apuseni. Atunci, <strong><a href=\"https:\/\/www.digi24.ro\/Stiri\/Digi24\/Actualitate\/Politica\/Victor+Ponta+Gabriel+Oprea+va+asigura+conducerea+Ministerului+de\" target=\"_blank\" data-skip-linkfix=\"1\" rel=\"noopener\">Gabriel Oprea a devenit ministru interimar<\/a>.<\/strong><\/p>\n<p data-index=\"6\">Prim-vicepre\u015fedintele PNL, Klaus Iohannis,<strong><a href=\"https:\/\/www.digi24.ro\/Stiri\/Digi24\/Actualitate\/Politica\/K+Iohannis+Un+numar+de+membri+PNL+cred+ca+ar+fi+o+varianta+iesir\" data-skip-linkfix=\"1\"> afirma ieri<\/a><\/strong>c\u0103 \u00een partid este \u201eun num\u0103r mai mic\u201d de membri care cred c\u0103 ie\u015firea de la guvernare ar fi o variant\u0103, principalul argument fiind acela c\u0103 \u201ePNL pierde profil \u00een cadrul alian\u0163ei\u201d, dar exist\u0103 \u201eun num\u0103r mare de membri care vor s\u0103 continue USL\u201d.<\/p>\n<\/div>\n<p> Source URL: https:\/\/www.digi24.ro\/stiri\/actualitate\/politica\/klaus-iohannis-a-acceptat-functia-de-ministru-de-interne-196783<\/p>\n","protected":false},"excerpt":{"rendered":"<p>ACTUALIZARE 13.50.Klaus Iohannis nu ar vrea s\u0103 renun\u0163e la Prim\u0103ria Sibiu, o variant\u0103 fiind suspendarea sa pentru \u015fase luni, au declarat pentru Mediafax surse din partid. \u00a0 Din primele informa\u021bii, Klaus Iohannis a acceptat func\u021bia de ministru de Interne \u0219i s\u0103 preia \u0219i func\u021bia de vicepremier. El ar fi acceptat la presiunile din PNL. Iohannis [&hellip;]<\/p>\n","protected":false},"author":1,"featured_media":213382,"comment_status":"open","ping_status":"","sticky":false,"template":"","format":"standard","meta":{"footnotes":""},"categories":[2],"tags":[11],"class_list":["post-213381","post","type-post","status-publish","format-standard","has-post-thumbnail","hentry","category-politics","tag-digi24"],"_links":{"self":[{"href":"https:\/\/analyse.optim.biz\/index.php?rest_route=\/wp\/v2\/posts\/213381","targetHints":{"allow":["GET"]}}],"collection":[{"href":"https:\/\/analyse.optim.biz\/index.php?rest_route=\/wp\/v2\/posts"}],"about":[{"href":"https:\/\/analyse.optim.biz\/index.php?rest_route=\/wp\/v2\/types\/post"}],"author":[{"embeddable":true,"href":"https:\/\/analyse.optim.biz\/index.php?rest_route=\/wp\/v2\/users\/1"}],"replies":[{"embeddable":true,"href":"https:\/\/analyse.optim.biz\/index.php?rest_route=%2Fwp%2Fv2%2Fcomments&post=213381"}],"version-history":[{"count":0,"href":"https:\/\/analyse.optim.biz\/index.php?rest_route=\/wp\/v2\/posts\/213381\/revisions"}],"wp:featuredmedia":[{"embeddable":true,"href":"https:\/\/analyse.optim.biz\/index.php?rest_route=\/wp\/v2\/media\/213382"}],"wp:attachment":[{"href":"https:\/\/analyse.optim.biz\/index.php?rest_route=%2Fwp%2Fv2%2Fmedia&parent=213381"}],"wp:term":[{"taxonomy":"category","embeddable":true,"href":"https:\/\/analyse.optim.biz\/index.php?rest_route=%2Fwp%2Fv2%2Fcategories&post=213381"},{"taxonomy":"post_tag","embeddable":true,"href":"https:\/\/analyse.optim.biz\/index.php?rest_route=%2Fwp%2Fv2%2Ftags&post=213381"}],"curies":[{"name":"wp","href":"https:\/\/api.w.org\/{rel}","templated":true}]}}