{"id":213370,"date":"2014-02-07T12:58:36","date_gmt":"2014-02-07T09:58:36","guid":{"rendered":"https:\/\/analyse.optim.biz\/?p=213370"},"modified":"2014-02-07T12:58:36","modified_gmt":"2014-02-07T09:58:36","slug":"cristian-tudor-popescu-la-digi24-la-conducerea-mai-poti-sa-ti-frangi-gatul-foarte-usor-cred-ca-iohannis-e-constient-de-asta","status":"publish","type":"post","link":"https:\/\/analyse.optim.biz\/?p=213370","title":{"rendered":"Cristian Tudor Popescu, la Digi24: La conducerea MAI po\u0163i s\u0103-\u0163i fr\u00e2ngi g\u00e2tul foarte u\u015for. Cred c\u0103 Iohannis e con\u015ftient de asta"},"content":{"rendered":"<div class=\"entry data-app-meta data-app-meta-article\" data-embed-base-url-canonical=\"https:\/\/www.digi24.ro\/embed\/stiri\/actualitate\/politica\/cristian-tudor-popescu-la-digi24-la-conducerea-mai-poti-sa-ti-frangi-gatul-foarte-usor-cred-ca-iohannis-e-constient-de-asta-196795\">\n<p data-index=\"1\">\u201ePentru mine este surprinz\u0103tor acest gest al lui <a href=\"https:\/\/www.digi24.ro\/Stiri\/Digi24\/Actualitate\/Politica\/Klaus+Iohannis+a+acceptat+sa+devina+ministru+de+Interne\" target=\"_blank\" data-skip-linkfix=\"1\" rel=\"noopener\"><strong>Klaus Iohannis<\/strong>.<\/a> E un fapt care dep\u0103\u015fe\u015fte PNL, USL, e ceva ce prive\u015fte \u00eentreaga societate. <strong>Klaus Iohannis s-a constituit ca un mit, mitul neam\u0163ului,<\/strong> cel care este foarte serios, cu cuvinte dr\u0103muite, care a probat la nivelul Sibiului c\u0103 este capabil s\u0103 conduc\u0103 eficient \u015fi care a fost mereu o sou\u0163ie poten\u0163ial\u0103 pentru diverse func\u0163ii. Lumea se poate g\u00e2ndi la el cu \u00eendrept\u0103\u0163ire \u015fi ca la viitorul pre\u015fedinte. Acum, mitul Iohannis se \u00eent\u00e2lne\u015fte cu realitatea \u00eentr-un minister foarte greu \u015fi \u00eentr-o perioad\u0103 foarte dificil\u0103.<\/p>\n<p data-index=\"2\"><strong>Ministerul de Interne este un minister la conducerea c\u0103ruia po\u0163i s\u0103 \u00ee\u0163i fr\u00e2ngi g\u00e2tul foarte u\u015for. De ce va face Iohannis la \u015fefia Internelor depinde g\u00e2ndirea noastr\u0103 colectiv\u0103 \u00een continuare, dac\u0103 vom mai p\u0103stra mitul neam\u0163ului, e un mit pre\u0163ios pentru noi.<\/strong><\/p>\n<p data-index=\"3\">Dac\u0103 Iohannis va e\u015fua \u00een aceast\u0103 \u00eentrepindere foarte riscant\u0103 pentru el \u00eenseamn\u0103 nu numai e\u015fecul personal, ci pr\u0103bu\u015firea unui mit \u015fi a unei speran\u0163e pentru rom\u00e2ni. <strong>C\u00e2nd \u00ee\u0163i asumi un asemenea post te g\u00e2nde\u015fti la tot ce e acolo, nu intri \u00een jungl\u0103 doar s\u0103 culegi fructe din copaci, \u015ftii c\u0103 acolo sunt tot soiul de reptile, animale otr\u0103vitoare care abia a\u015fteapt\u0103 s\u0103 sar\u0103 la tine.<\/strong> Cred c\u0103 Iohannis este con\u015ftient de asta, nu se duce acolo s\u0103 lupte dup\u0103 regulile boxului englezesc, \u015ftie ce \u015ferp\u0103rie e la Interne \u015fi \u00eenseamn\u0103 c\u0103 \u00ee\u015fi asum\u0103. Acolo sunt tot felul de \u015fulfe grele pentru care nu \u00eenseamn\u0103 nimic autoritatea de neam\u0163 sau de orice altceva. A\u015f vrea s\u0103 reu\u015feasc\u0103, ar fi victorie \u015fi o speran\u0163\u0103 pe mai departe pentru noi to\u0163i\u201d, a declarat Cristian Tudor Popescu.<\/p>\n<\/div>\n<p> Source URL: https:\/\/www.digi24.ro\/stiri\/actualitate\/politica\/cristian-tudor-popescu-la-digi24-la-conducerea-mai-poti-sa-ti-frangi-gatul-foarte-usor-cred-ca-iohannis-e-constient-de-asta-196795<\/p>\n","protected":false},"excerpt":{"rendered":"<p>\u201ePentru mine este surprinz\u0103tor acest gest al lui Klaus Iohannis. E un fapt care dep\u0103\u015fe\u015fte PNL, USL, e ceva ce prive\u015fte \u00eentreaga societate. Klaus Iohannis s-a constituit ca un mit, mitul neam\u0163ului, cel care este foarte serios, cu cuvinte dr\u0103muite, care a probat la nivelul Sibiului c\u0103 este capabil s\u0103 conduc\u0103 eficient \u015fi care a [&hellip;]<\/p>\n","protected":false},"author":1,"featured_media":213371,"comment_status":"open","ping_status":"","sticky":false,"template":"","format":"standard","meta":{"footnotes":""},"categories":[2],"tags":[11],"class_list":["post-213370","post","type-post","status-publish","format-standard","has-post-thumbnail","hentry","category-politics","tag-digi24"],"_links":{"self":[{"href":"https:\/\/analyse.optim.biz\/index.php?rest_route=\/wp\/v2\/posts\/213370","targetHints":{"allow":["GET"]}}],"collection":[{"href":"https:\/\/analyse.optim.biz\/index.php?rest_route=\/wp\/v2\/posts"}],"about":[{"href":"https:\/\/analyse.optim.biz\/index.php?rest_route=\/wp\/v2\/types\/post"}],"author":[{"embeddable":true,"href":"https:\/\/analyse.optim.biz\/index.php?rest_route=\/wp\/v2\/users\/1"}],"replies":[{"embeddable":true,"href":"https:\/\/analyse.optim.biz\/index.php?rest_route=%2Fwp%2Fv2%2Fcomments&post=213370"}],"version-history":[{"count":0,"href":"https:\/\/analyse.optim.biz\/index.php?rest_route=\/wp\/v2\/posts\/213370\/revisions"}],"wp:featuredmedia":[{"embeddable":true,"href":"https:\/\/analyse.optim.biz\/index.php?rest_route=\/wp\/v2\/media\/213371"}],"wp:attachment":[{"href":"https:\/\/analyse.optim.biz\/index.php?rest_route=%2Fwp%2Fv2%2Fmedia&parent=213370"}],"wp:term":[{"taxonomy":"category","embeddable":true,"href":"https:\/\/analyse.optim.biz\/index.php?rest_route=%2Fwp%2Fv2%2Fcategories&post=213370"},{"taxonomy":"post_tag","embeddable":true,"href":"https:\/\/analyse.optim.biz\/index.php?rest_route=%2Fwp%2Fv2%2Ftags&post=213370"}],"curies":[{"name":"wp","href":"https:\/\/api.w.org\/{rel}","templated":true}]}}