{"id":213365,"date":"2014-02-07T13:10:48","date_gmt":"2014-02-07T10:10:48","guid":{"rendered":"https:\/\/analyse.optim.biz\/?p=213365"},"modified":"2014-02-07T13:10:48","modified_gmt":"2014-02-07T10:10:48","slug":"surse-cristian-busoi-propus-sa-preia-ministerul-sanatatii","status":"publish","type":"post","link":"https:\/\/analyse.optim.biz\/?p=213365","title":{"rendered":"Surse: Cristian Bu\u0219oi propus s\u0103 preia Ministerul S\u0103n\u0103t\u0103\u021bii"},"content":{"rendered":"<div class=\"entry data-app-meta data-app-meta-article\" data-embed-base-url-canonical=\"https:\/\/www.digi24.ro\/embed\/stiri\/actualitate\/politica\/surse-cristian-busoi-propus-sa-preia-ministerul-sanatatii-196800\">\n<p data-index=\"1\"><img decoding=\"async\" src=\"https:\/\/analyse.optim.biz\/wp-content\/uploads\/2024\/09\/ad1lnwqznzk1yzllmdawode1nmexntixmzdim2ezngy0za-thumb_.jpg\" data-skip-htmlfix=\"1\" title=\"ad1lnwqznzk1yzllmdawode1nmexntixmzdim2ezngy0za-thumb_\"><\/p>\n<p data-index=\"2\"><em>(Foto: Facebook Cristian Bu\u0219oi)<\/em><\/p>\n<p data-index=\"3\">Potrivit unor surse, \u00een \u0219edin\u021ba biroului permanent al PNL se discut\u0103\u00a0<span>\u00a0despre nominalizarea lui Eugen Nicol\u0103escu la Finan\u0163e, iar \u00een locul acestuia s\u0103 fie desemnat pre\u015fedintele CNAS, Cristian Bu\u015foi.<\/span><\/p>\n<p data-index=\"4\">Astfel, Eugen Nicol\u0103escu ar urma s\u0103 devin\u0103 ministrul Finan\u021belor dup\u0103 demisia lui Daniel Chi\u021boiu.<\/p>\n<p data-index=\"5\">Cristian Bu\u0219oi a fost ales europarlamentar \u00een 2009, iar din iunie 2013 este pre\u0219edinte al Casei Na\u021bionale de Asigur\u0103ri de S\u0103n\u0103tate. \u00centre 2004 \u0219i 2007 a fost deputat PNL de Timi\u0219 \u00een Parlamentul Rom\u00e2niei. Anterior, el a mai ocupat \u0219i func\u021bia de consilier al lui C\u0103lin Popescu T\u0103riceanu.<\/p>\n<\/div>\n<p> Source URL: https:\/\/www.digi24.ro\/stiri\/actualitate\/politica\/surse-cristian-busoi-propus-sa-preia-ministerul-sanatatii-196800<\/p>\n","protected":false},"excerpt":{"rendered":"<p>(Foto: Facebook Cristian Bu\u0219oi) Potrivit unor surse, \u00een \u0219edin\u021ba biroului permanent al PNL se discut\u0103\u00a0\u00a0despre nominalizarea lui Eugen Nicol\u0103escu la Finan\u0163e, iar \u00een locul acestuia s\u0103 fie desemnat pre\u015fedintele CNAS, Cristian Bu\u015foi. Astfel, Eugen Nicol\u0103escu ar urma s\u0103 devin\u0103 ministrul Finan\u021belor dup\u0103 demisia lui Daniel Chi\u021boiu. Cristian Bu\u0219oi a fost ales europarlamentar \u00een 2009, iar [&hellip;]<\/p>\n","protected":false},"author":1,"featured_media":213366,"comment_status":"open","ping_status":"","sticky":false,"template":"","format":"standard","meta":{"footnotes":""},"categories":[2],"tags":[11],"class_list":["post-213365","post","type-post","status-publish","format-standard","has-post-thumbnail","hentry","category-politics","tag-digi24"],"_links":{"self":[{"href":"https:\/\/analyse.optim.biz\/index.php?rest_route=\/wp\/v2\/posts\/213365","targetHints":{"allow":["GET"]}}],"collection":[{"href":"https:\/\/analyse.optim.biz\/index.php?rest_route=\/wp\/v2\/posts"}],"about":[{"href":"https:\/\/analyse.optim.biz\/index.php?rest_route=\/wp\/v2\/types\/post"}],"author":[{"embeddable":true,"href":"https:\/\/analyse.optim.biz\/index.php?rest_route=\/wp\/v2\/users\/1"}],"replies":[{"embeddable":true,"href":"https:\/\/analyse.optim.biz\/index.php?rest_route=%2Fwp%2Fv2%2Fcomments&post=213365"}],"version-history":[{"count":0,"href":"https:\/\/analyse.optim.biz\/index.php?rest_route=\/wp\/v2\/posts\/213365\/revisions"}],"wp:featuredmedia":[{"embeddable":true,"href":"https:\/\/analyse.optim.biz\/index.php?rest_route=\/wp\/v2\/media\/213366"}],"wp:attachment":[{"href":"https:\/\/analyse.optim.biz\/index.php?rest_route=%2Fwp%2Fv2%2Fmedia&parent=213365"}],"wp:term":[{"taxonomy":"category","embeddable":true,"href":"https:\/\/analyse.optim.biz\/index.php?rest_route=%2Fwp%2Fv2%2Fcategories&post=213365"},{"taxonomy":"post_tag","embeddable":true,"href":"https:\/\/analyse.optim.biz\/index.php?rest_route=%2Fwp%2Fv2%2Ftags&post=213365"}],"curies":[{"name":"wp","href":"https:\/\/api.w.org\/{rel}","templated":true}]}}