{"id":213354,"date":"2014-02-07T13:35:51","date_gmt":"2014-02-07T10:35:51","guid":{"rendered":"https:\/\/analyse.optim.biz\/?p=213354"},"modified":"2014-02-07T13:35:51","modified_gmt":"2014-02-07T10:35:51","slug":"e-oficial-andrei-gerea-pleaca-de-la-economie-si-va-fi-inlocuit-de-teodor-atanasiu","status":"publish","type":"post","link":"https:\/\/analyse.optim.biz\/?p=213354","title":{"rendered":"E oficial. Andrei Gerea pleac\u0103 de la Economie \u015fi va fi \u00eenlocuit de Teodor Atanasiu"},"content":{"rendered":"<div class=\"entry data-app-meta data-app-meta-article\" data-embed-base-url-canonical=\"https:\/\/www.digi24.ro\/embed\/stiri\/actualitate\/politica\/e-oficial-andrei-gerea-pleaca-de-la-economie-si-va-fi-inlocuit-de-teodor-atanasiu-196822\">\n<p data-index=\"1\">\u201eAm explicat \u0219i \u00een partid, nu s-a pus neap\u0103rat problema demisiei, mai ales c\u0103 nu exista un motiv anume pentru demisie (&#8230;), implicit am solicitat acest vot al partidului, pentru c\u0103 este vorba despre o responsabilitate care trebuia asumat\u0103 pentru continuarea activit\u0103\u021bii la nivelul Ministerului Economiei cu alt coleg de-al meu, \u0219i anume cu Teodor Atanasiu\u201d, a declarat <a href=\"https:\/\/www.digi24.ro\/Stiri\/Digi24\/Actualitate\/Politica\/Cine+este+Andrei+Gerea+demisionar+de+la+Ministerul+Economiei\" target=\"_blank\" data-skip-linkfix=\"1\" rel=\"noopener\">Andrei Gerea<\/a>.<\/p>\n<p data-index=\"2\">\u201eEste firesc \u0219i accept votul partidului, mergem mai departe, avem multe lucruri de f\u0103cut\u201d, a ad\u0103ugat el.\u00a0Nu a fost vorba despre un repro\u0219 al colegilor, a spus Gerea, ci dorin\u021ba de a merge \u00eenchegat \u0219i cu o alt\u0103 vitez\u0103 \u00eentr-o nou\u0103 echip\u0103 guvernamental\u0103 a PNL.\u00a0<\/p>\n<p data-index=\"3\">Schimbarea ministrului Economiei se produce \u00een contextul \u00een care <a href=\"https:\/\/www.digi24.ro\/Stiri\/Digi24\/Actualitate\/Politica\/Crin+Antonescu+a+anuntat+oficial+nominalizarile+lui+Iohannis+Ata\" target=\"_blank\" data-skip-linkfix=\"1\" rel=\"noopener\">al\u021bi trei mini\u0219tri liberali au fost schimba\u021bi din guvern de conducerea partidului<\/a>: <strong>Klaus Iohannis<\/strong> preia Internele, post devenit vacant \u00een urma demisiei lui <strong>Radu Stroe<\/strong>, <strong>Eugen Nicol\u0103escu<\/strong> este numit la Finan\u021be \u00een locul lui <strong>Daniel Chi\u021boiu<\/strong>, care \u0219i-a dat demisia, iar <strong>Cristian Bu\u0219oi<\/strong>, pre\u0219edintele Casei Na\u021bionale a Asigur\u0103rilor de S\u0103n\u0103tate, va fi noul ministru al S\u0103n\u0103t\u0103\u021bii.<\/p>\n<p data-index=\"4\">Andrei Gerea a subliniat c\u0103 se bucur\u0103 de aprecierea liderului partidului, Crin Antonescu, \u0219i i-a mul\u021bumit pentru nominalizarea f\u0103cut\u0103 \u00een urm\u0103 cu patru luni.\u00a0<\/p>\n<p data-index=\"5\">Sociologul <strong>Alfred Bulai<\/strong> a comentat la <strong>Digi24<\/strong> c\u0103, prin aceast\u0103 mi\u0219care, din punct de vedere politic, Crin Antonescu sugereaz\u0103 c\u0103 poate controla partea liberal\u0103 a guvernului. \u201e\u00cen mod sigur, domnul Gerea nu era personajul care s\u0103 se bat\u0103\u201d, a punctat sociologul.<\/p>\n<\/div>\n<p> Source URL: https:\/\/www.digi24.ro\/stiri\/actualitate\/politica\/e-oficial-andrei-gerea-pleaca-de-la-economie-si-va-fi-inlocuit-de-teodor-atanasiu-196822<\/p>\n","protected":false},"excerpt":{"rendered":"<p>\u201eAm explicat \u0219i \u00een partid, nu s-a pus neap\u0103rat problema demisiei, mai ales c\u0103 nu exista un motiv anume pentru demisie (&#8230;), implicit am solicitat acest vot al partidului, pentru c\u0103 este vorba despre o responsabilitate care trebuia asumat\u0103 pentru continuarea activit\u0103\u021bii la nivelul Ministerului Economiei cu alt coleg de-al meu, \u0219i anume cu Teodor [&hellip;]<\/p>\n","protected":false},"author":1,"featured_media":213355,"comment_status":"open","ping_status":"","sticky":false,"template":"","format":"standard","meta":{"footnotes":""},"categories":[2],"tags":[11],"class_list":["post-213354","post","type-post","status-publish","format-standard","has-post-thumbnail","hentry","category-politics","tag-digi24"],"_links":{"self":[{"href":"https:\/\/analyse.optim.biz\/index.php?rest_route=\/wp\/v2\/posts\/213354","targetHints":{"allow":["GET"]}}],"collection":[{"href":"https:\/\/analyse.optim.biz\/index.php?rest_route=\/wp\/v2\/posts"}],"about":[{"href":"https:\/\/analyse.optim.biz\/index.php?rest_route=\/wp\/v2\/types\/post"}],"author":[{"embeddable":true,"href":"https:\/\/analyse.optim.biz\/index.php?rest_route=\/wp\/v2\/users\/1"}],"replies":[{"embeddable":true,"href":"https:\/\/analyse.optim.biz\/index.php?rest_route=%2Fwp%2Fv2%2Fcomments&post=213354"}],"version-history":[{"count":0,"href":"https:\/\/analyse.optim.biz\/index.php?rest_route=\/wp\/v2\/posts\/213354\/revisions"}],"wp:featuredmedia":[{"embeddable":true,"href":"https:\/\/analyse.optim.biz\/index.php?rest_route=\/wp\/v2\/media\/213355"}],"wp:attachment":[{"href":"https:\/\/analyse.optim.biz\/index.php?rest_route=%2Fwp%2Fv2%2Fmedia&parent=213354"}],"wp:term":[{"taxonomy":"category","embeddable":true,"href":"https:\/\/analyse.optim.biz\/index.php?rest_route=%2Fwp%2Fv2%2Fcategories&post=213354"},{"taxonomy":"post_tag","embeddable":true,"href":"https:\/\/analyse.optim.biz\/index.php?rest_route=%2Fwp%2Fv2%2Ftags&post=213354"}],"curies":[{"name":"wp","href":"https:\/\/api.w.org\/{rel}","templated":true}]}}