{"id":213339,"date":"2014-02-07T14:13:40","date_gmt":"2014-02-07T11:13:40","guid":{"rendered":"https:\/\/analyse.optim.biz\/?p=213339"},"modified":"2014-02-07T14:13:40","modified_gmt":"2014-02-07T11:13:40","slug":"klaus-iohannis-nu-sunt-dispus-sa-renunt-foarte-usor-la-primarie","status":"publish","type":"post","link":"https:\/\/analyse.optim.biz\/?p=213339","title":{"rendered":"Klaus Iohannis: Nu sunt dispus s\u0103 renun\u0163 foarte u\u015for la prim\u0103rie"},"content":{"rendered":"<div class=\"entry data-app-meta data-app-meta-article\" data-embed-base-url-canonical=\"https:\/\/www.digi24.ro\/embed\/stiri\/actualitate\/politica\/klaus-iohannis-nu-sunt-dispus-sa-renunt-foarte-usor-la-primarie-196864\">\n<p data-index=\"1\"><img decoding=\"async\" src=\"https:\/\/analyse.optim.biz\/wp-content\/uploads\/2024\/09\/mjm1mwu2zdqwngvjmjy0y2fjn2rkodjhytvkoa-thumb_.jpg\" data-skip-htmlfix=\"1\" title=\"mjm1mwu2zdqwngvjmjy0y2fjn2rkodjhytvkoa-thumb_\"><\/p>\n<p data-index=\"2\">&#8220;Este prematur s\u0103 intr\u0103m \u00een aceast\u0103 spe\u0163\u0103 curent\u0103.<\/p>\n<p data-index=\"3\">Nu \u015ftiu cum voi reac\u0163iona, nu am fost niciodat\u0103 membru \u00een Guvern. Dac\u0103 lucrurile vor evolua bine, atunci automat va trebui s\u0103 renun\u0163 la calitatea de primar.<\/p>\n<p data-index=\"4\">Dac\u0103 legisla\u0163ia va permite, voi face apel la prevederile care reglementeaz\u0103 acest fel de situa\u0163ie excep\u0163ional\u0103.<\/p>\n<p data-index=\"5\">Cred c\u0103 se g\u0103sesc solu\u0163ii pentru a realiza un interimat rezonabil pentru a vedea cum evolueaz\u0103 lucrurile\u201d, a declarat <a href=\"https:\/\/www.digi24.ro\/Stiri\/Digi24\/Actualitate\/Politica\/Crin+Antonescu+a+anuntat+oficial+nominalizarile+lui+Iohannis+Ata\" target=\"_blank\" data-skip-linkfix=\"1\" rel=\"noopener\"><strong>Klaus Iohannis.<\/strong><\/a><\/p>\n<\/div>\n<p> Source URL: https:\/\/www.digi24.ro\/stiri\/actualitate\/politica\/klaus-iohannis-nu-sunt-dispus-sa-renunt-foarte-usor-la-primarie-196864<\/p>\n","protected":false},"excerpt":{"rendered":"<p>&#8220;Este prematur s\u0103 intr\u0103m \u00een aceast\u0103 spe\u0163\u0103 curent\u0103. Nu \u015ftiu cum voi reac\u0163iona, nu am fost niciodat\u0103 membru \u00een Guvern. Dac\u0103 lucrurile vor evolua bine, atunci automat va trebui s\u0103 renun\u0163 la calitatea de primar. Dac\u0103 legisla\u0163ia va permite, voi face apel la prevederile care reglementeaz\u0103 acest fel de situa\u0163ie excep\u0163ional\u0103. Cred c\u0103 se g\u0103sesc [&hellip;]<\/p>\n","protected":false},"author":1,"featured_media":213340,"comment_status":"open","ping_status":"","sticky":false,"template":"","format":"standard","meta":{"footnotes":""},"categories":[2],"tags":[11],"class_list":["post-213339","post","type-post","status-publish","format-standard","has-post-thumbnail","hentry","category-politics","tag-digi24"],"_links":{"self":[{"href":"https:\/\/analyse.optim.biz\/index.php?rest_route=\/wp\/v2\/posts\/213339","targetHints":{"allow":["GET"]}}],"collection":[{"href":"https:\/\/analyse.optim.biz\/index.php?rest_route=\/wp\/v2\/posts"}],"about":[{"href":"https:\/\/analyse.optim.biz\/index.php?rest_route=\/wp\/v2\/types\/post"}],"author":[{"embeddable":true,"href":"https:\/\/analyse.optim.biz\/index.php?rest_route=\/wp\/v2\/users\/1"}],"replies":[{"embeddable":true,"href":"https:\/\/analyse.optim.biz\/index.php?rest_route=%2Fwp%2Fv2%2Fcomments&post=213339"}],"version-history":[{"count":0,"href":"https:\/\/analyse.optim.biz\/index.php?rest_route=\/wp\/v2\/posts\/213339\/revisions"}],"wp:featuredmedia":[{"embeddable":true,"href":"https:\/\/analyse.optim.biz\/index.php?rest_route=\/wp\/v2\/media\/213340"}],"wp:attachment":[{"href":"https:\/\/analyse.optim.biz\/index.php?rest_route=%2Fwp%2Fv2%2Fmedia&parent=213339"}],"wp:term":[{"taxonomy":"category","embeddable":true,"href":"https:\/\/analyse.optim.biz\/index.php?rest_route=%2Fwp%2Fv2%2Fcategories&post=213339"},{"taxonomy":"post_tag","embeddable":true,"href":"https:\/\/analyse.optim.biz\/index.php?rest_route=%2Fwp%2Fv2%2Ftags&post=213339"}],"curies":[{"name":"wp","href":"https:\/\/api.w.org\/{rel}","templated":true}]}}