{"id":213336,"date":"2014-02-07T14:25:18","date_gmt":"2014-02-07T11:25:18","guid":{"rendered":"https:\/\/analyse.optim.biz\/?p=213336"},"modified":"2014-02-07T14:25:18","modified_gmt":"2014-02-07T11:25:18","slug":"c-antonescu-ii-raspunde-lui-ponta-noi-pnl-suntem-dreapta-liberali-inseamna-sa-lucram-pentru-indivizi","status":"publish","type":"post","link":"https:\/\/analyse.optim.biz\/?p=213336","title":{"rendered":"C. Antonescu \u00eei r\u0103spunde lui Ponta: Noi, PNL, suntem dreapta. Liberali \u00eenseamn\u0103 s\u0103 lucr\u0103m pentru indivizi"},"content":{"rendered":"<div class=\"entry data-app-meta data-app-meta-article\" data-embed-base-url-canonical=\"https:\/\/www.digi24.ro\/embed\/stiri\/actualitate\/politica\/c-antonescu-ii-raspunde-lui-ponta-noi-pnl-suntem-dreapta-liberali-inseamna-sa-lucram-pentru-indivizi-196872\">\n<p data-index=\"1\">\u00a0<img decoding=\"async\" src=\"https:\/\/analyse.optim.biz\/wp-content\/uploads\/2024\/09\/odawjmhhc2g9ymuzzwu1otm0nmvjnwflngzlotdlyzjkzdu4yjnmnzc-thumb_.jpg\" data-skip-htmlfix=\"1\" title=\"odawjmhhc2g9ymuzzwu1otm0nmvjnwflngzlotdlyzjkzdu4yjnmnzc-thumb_\"><\/p>\n<p data-index=\"2\">Crin Antonescu a spus, \u00een conferin\u0163a de pres\u0103 \u00een care a anun\u0163at nominaliz\u0103rile PNL pentru func\u0163iile de mini\u015ftri, c\u0103 vrea s\u0103 \u00eei r\u0103spund\u0103 cuiva care zilele trecute se \u00eentreba cine mai este ast\u0103zi liberal \u00een Rom\u00e2nia \u015fi ce mai \u00eenseamn\u0103 liberalism.<\/p>\n<p data-index=\"3\">El a mai spus c\u0103 a fi liberal \u00eenseamn\u0103 \u015fi &#8220;s\u0103 \u00een\u0163elegi lumea pe care o tr\u0103ie\u015fti ca pe o lume care are nevoie de lideri puternici, ci nu de baroni&#8221;.<\/p>\n<p data-index=\"4\">\u201e<strong>Cineva se \u00eentreba zilele trecute cine mai este exact liberal azi \u00een Rom\u00e2nia \u015fi ce mai \u00eenseamn\u0103 liberalism \u015fi doresc cu toat\u0103 prietenia s\u0103 dau \u00een numele colegilor mei un r\u0103spuns exact: Noi, PNL, suntem un partid liberal, de dreapta, un partid \u00een care activeaza foarte mul\u0163i oameni care sunt \u015fi vor fi mereu liberali<\/strong>. Nu am avut nicio preten\u0163ie c\u0103 to\u0163i cei care sunt liberali \u00een Rom\u00e2nia sunt \u00een partidul nostru. Noi suntem liberali \u015fi nu avem niciun fel de confuzie \u00een leg\u0103tur\u0103 cu acest lucru. Liberalismul \u00eenseamn\u0103 s\u0103 porne\u015fti de la ideea c\u0103 cet\u0103\u0163enii unei \u0163\u0103ri, chiar dac\u0103 se constituie \u015fi func\u0163ioneaz\u0103 ca o na\u0163iune, ca o comunitate, sunt \u00eentotdeauna indivizi ale c\u0103ror drepturi trebuie tratate ca atare, ap\u0103rate \u015fi sportite. Liberali \u00eenseamn\u0103 s\u0103 lucr\u0103m cu \u015fi pentru indivizi, nu cu gloate, nu cu mul\u0163imi. A fi liberal \u00eenseamn\u0103 s\u0103 \u00een\u0163elegi c\u0103 lumea are nevoie de lideri puternici, ci nu de baroni. Liberal mai \u00eenseamn\u0103 s\u0103 vrei s\u0103 tr\u0103ie\u015fti \u015fi s\u0103 faci astfel \u00eenc\u00e2t s\u0103 tr\u0103ie\u015fti \u00eentr-un stat de drept \u00een care institu\u0163iile lucreaz\u0103 pentru individ\u201d, a spus Crin Antonescu.<\/p>\n<p data-index=\"5\">\u00centrebat cum comenteaz\u0103 declara\u0163ia liberalului Klaus Iohannis, care spunea c\u0103 PNL nu agreeaz\u0103 m\u0103sura ree\u015falon\u0103rii creditelor, nefiind de dreapta, premierul Victor Ponta se \u00eentreba, joi, \u201ecine mai e liberal acum \u00een Rom\u00e2nia\u201d.<\/p>\n<p data-index=\"6\">\u201e<strong>Sincer, cred c\u0103 e o prostie s\u0103 mai vorbe\u015fti de m\u0103suri de dreapta \u015fi de st\u00e2nga. Ce e de dreapta \u015fi de st\u00e2nga?<\/strong> Banii care se scot de la b\u0103nci, pentru c\u0103 e vorba de provizioane pentru credite neperformante, se duc la popula\u0163ie care \u00eei cheltuie \u015fi cre\u015fte consumul. Ce e neliberal \u00een asta? Sau cine mai e liberal acuma \u00een Rom\u00e2nia ca s\u0103 ne spun\u0103 cum e cu liberalismul sau cu social-democra\u0163ia?\u201d, a ad\u0103ugat Ponta.<\/p>\n<\/div>\n<p> Source URL: https:\/\/www.digi24.ro\/stiri\/actualitate\/politica\/c-antonescu-ii-raspunde-lui-ponta-noi-pnl-suntem-dreapta-liberali-inseamna-sa-lucram-pentru-indivizi-196872<\/p>\n","protected":false},"excerpt":{"rendered":"<p>\u00a0 Crin Antonescu a spus, \u00een conferin\u0163a de pres\u0103 \u00een care a anun\u0163at nominaliz\u0103rile PNL pentru func\u0163iile de mini\u015ftri, c\u0103 vrea s\u0103 \u00eei r\u0103spund\u0103 cuiva care zilele trecute se \u00eentreba cine mai este ast\u0103zi liberal \u00een Rom\u00e2nia \u015fi ce mai \u00eenseamn\u0103 liberalism. El a mai spus c\u0103 a fi liberal \u00eenseamn\u0103 \u015fi &#8220;s\u0103 \u00een\u0163elegi lumea [&hellip;]<\/p>\n","protected":false},"author":1,"featured_media":213337,"comment_status":"open","ping_status":"","sticky":false,"template":"","format":"standard","meta":{"footnotes":""},"categories":[2],"tags":[11],"class_list":["post-213336","post","type-post","status-publish","format-standard","has-post-thumbnail","hentry","category-politics","tag-digi24"],"_links":{"self":[{"href":"https:\/\/analyse.optim.biz\/index.php?rest_route=\/wp\/v2\/posts\/213336","targetHints":{"allow":["GET"]}}],"collection":[{"href":"https:\/\/analyse.optim.biz\/index.php?rest_route=\/wp\/v2\/posts"}],"about":[{"href":"https:\/\/analyse.optim.biz\/index.php?rest_route=\/wp\/v2\/types\/post"}],"author":[{"embeddable":true,"href":"https:\/\/analyse.optim.biz\/index.php?rest_route=\/wp\/v2\/users\/1"}],"replies":[{"embeddable":true,"href":"https:\/\/analyse.optim.biz\/index.php?rest_route=%2Fwp%2Fv2%2Fcomments&post=213336"}],"version-history":[{"count":0,"href":"https:\/\/analyse.optim.biz\/index.php?rest_route=\/wp\/v2\/posts\/213336\/revisions"}],"wp:featuredmedia":[{"embeddable":true,"href":"https:\/\/analyse.optim.biz\/index.php?rest_route=\/wp\/v2\/media\/213337"}],"wp:attachment":[{"href":"https:\/\/analyse.optim.biz\/index.php?rest_route=%2Fwp%2Fv2%2Fmedia&parent=213336"}],"wp:term":[{"taxonomy":"category","embeddable":true,"href":"https:\/\/analyse.optim.biz\/index.php?rest_route=%2Fwp%2Fv2%2Fcategories&post=213336"},{"taxonomy":"post_tag","embeddable":true,"href":"https:\/\/analyse.optim.biz\/index.php?rest_route=%2Fwp%2Fv2%2Ftags&post=213336"}],"curies":[{"name":"wp","href":"https:\/\/api.w.org\/{rel}","templated":true}]}}