{"id":213325,"date":"2014-02-07T14:30:54","date_gmt":"2014-02-07T11:30:54","guid":{"rendered":"https:\/\/analyse.optim.biz\/?p=213325"},"modified":"2014-02-07T14:30:54","modified_gmt":"2014-02-07T11:30:54","slug":"crin-antonescu-decizia-numirii-lui-klaus-iohannis-a-fost-luata-dimineata-contrazice-ca-eu-n-as-fi-matinal","status":"publish","type":"post","link":"https:\/\/analyse.optim.biz\/?p=213325","title":{"rendered":"Crin Antonescu: Decizia numirii lui Klaus Iohannis a fost luat\u0103 diminea\u021b\u0103. Contrazice c\u0103 eu n-a\u0219 fi matinal"},"content":{"rendered":"<div class=\"entry data-app-meta data-app-meta-article\" data-embed-base-url-canonical=\"https:\/\/www.digi24.ro\/embed\/stiri\/actualitate\/politica\/crin-antonescu-decizia-numirii-lui-klaus-iohannis-a-fost-luata-dimineata-contrazice-ca-eu-n-as-fi-matinal-196875\">\n<p data-index=\"1\">Klaus Iohannis a declarat c\u0103 a \u00eenceput s\u0103 discute recent cu pre\u0219edintele PNL, Crin Antonescu, despre <a href=\"https:\/\/www.digi24.ro\/Stiri\/Digi24\/Actualitate\/Politica\/Crin+Antonescu+a+anuntat+oficial+nominalizarile+lui+Iohannis+Ata\" target=\"_blank\" data-skip-linkfix=\"1\" rel=\"noopener\">preluarea func\u021biei de ministru al Internelor \u0219i de vicepremier \u00een Guvern<\/a>.<\/p>\n<p data-index=\"2\">\u201e<span>Am \u00eenceput s\u0103 discut\u0103m recent, c\u00e2nd am v\u0103zut c\u0103 apar posibile mi\u0219c\u0103ri \u00een Guvern\u201d, a spus <strong>Klaus Iohannis<\/strong>.<\/span><\/p>\n<p data-index=\"3\">\u201e<span>Iar decizia, a\u021bi re\u021binut, a fost luat\u0103 azi diminea\u021b\u0103. De ce insist s\u0103 re\u021bine\u021bi acest lucru, pentru c\u0103 el contrazice \u00eenc\u0103 o dat\u0103 stupida legend\u0103 cum c\u0103 eu n-a\u0219 fi matinal\u201d, a intervenit rapid <strong>Crin Antonescu<\/strong>.<\/span><\/p>\n<\/div>\n<p> Source URL: https:\/\/www.digi24.ro\/stiri\/actualitate\/politica\/crin-antonescu-decizia-numirii-lui-klaus-iohannis-a-fost-luata-dimineata-contrazice-ca-eu-n-as-fi-matinal-196875<\/p>\n","protected":false},"excerpt":{"rendered":"<p>Klaus Iohannis a declarat c\u0103 a \u00eenceput s\u0103 discute recent cu pre\u0219edintele PNL, Crin Antonescu, despre preluarea func\u021biei de ministru al Internelor \u0219i de vicepremier \u00een Guvern. \u201eAm \u00eenceput s\u0103 discut\u0103m recent, c\u00e2nd am v\u0103zut c\u0103 apar posibile mi\u0219c\u0103ri \u00een Guvern\u201d, a spus Klaus Iohannis. \u201eIar decizia, a\u021bi re\u021binut, a fost luat\u0103 azi diminea\u021b\u0103. De [&hellip;]<\/p>\n","protected":false},"author":1,"featured_media":213326,"comment_status":"open","ping_status":"","sticky":false,"template":"","format":"standard","meta":{"footnotes":""},"categories":[2],"tags":[11],"class_list":["post-213325","post","type-post","status-publish","format-standard","has-post-thumbnail","hentry","category-politics","tag-digi24"],"_links":{"self":[{"href":"https:\/\/analyse.optim.biz\/index.php?rest_route=\/wp\/v2\/posts\/213325","targetHints":{"allow":["GET"]}}],"collection":[{"href":"https:\/\/analyse.optim.biz\/index.php?rest_route=\/wp\/v2\/posts"}],"about":[{"href":"https:\/\/analyse.optim.biz\/index.php?rest_route=\/wp\/v2\/types\/post"}],"author":[{"embeddable":true,"href":"https:\/\/analyse.optim.biz\/index.php?rest_route=\/wp\/v2\/users\/1"}],"replies":[{"embeddable":true,"href":"https:\/\/analyse.optim.biz\/index.php?rest_route=%2Fwp%2Fv2%2Fcomments&post=213325"}],"version-history":[{"count":0,"href":"https:\/\/analyse.optim.biz\/index.php?rest_route=\/wp\/v2\/posts\/213325\/revisions"}],"wp:featuredmedia":[{"embeddable":true,"href":"https:\/\/analyse.optim.biz\/index.php?rest_route=\/wp\/v2\/media\/213326"}],"wp:attachment":[{"href":"https:\/\/analyse.optim.biz\/index.php?rest_route=%2Fwp%2Fv2%2Fmedia&parent=213325"}],"wp:term":[{"taxonomy":"category","embeddable":true,"href":"https:\/\/analyse.optim.biz\/index.php?rest_route=%2Fwp%2Fv2%2Fcategories&post=213325"},{"taxonomy":"post_tag","embeddable":true,"href":"https:\/\/analyse.optim.biz\/index.php?rest_route=%2Fwp%2Fv2%2Ftags&post=213325"}],"curies":[{"name":"wp","href":"https:\/\/api.w.org\/{rel}","templated":true}]}}