{"id":213314,"date":"2014-02-07T14:38:41","date_gmt":"2014-02-07T11:38:41","guid":{"rendered":"https:\/\/analyse.optim.biz\/?p=213314"},"modified":"2014-02-07T14:38:41","modified_gmt":"2014-02-07T11:38:41","slug":"victor-ponta-marele-absent-al-remanierii-decise-de-liberali","status":"publish","type":"post","link":"https:\/\/analyse.optim.biz\/?p=213314","title":{"rendered":"Victor Ponta, marele absent al remanierii decise de liberali"},"content":{"rendered":"<div class=\"entry data-app-meta data-app-meta-article\" data-embed-base-url-canonical=\"https:\/\/www.digi24.ro\/embed\/stiri\/actualitate\/politica\/victor-ponta-marele-absent-al-remanierii-decise-de-liberali-196881\">\n<p data-index=\"1\">Premierul i-a r\u0103spuns printr-un SMS reporterului Digi24 preciz\u00e2nd c\u0103 va face declara\u021bii c\u00e2nd va reveni \u00een \u021bar\u0103. Reporterul Digi24 \u00eel \u00eentrebase dac\u0103 pre\u0219edintele PNL, Crin Antonescu, i-a prezentat propunerile pentru cele patru portofolii liberale vizate de schimbarea titularilor. Premierul a r\u0103spuns c\u0103 nu comenteaz\u0103 deocamdat\u0103 acest caz.<\/p>\n<p data-index=\"2\">Refuzul de a comenta este un r\u0103spuns pe care premierul l-a dat \u0219i joi, c\u00e2nd Victor Ponta a spus c\u0103 \u00ee\u0219i va face cunoscut\u0103 opinia dup\u0103 ce vor fi f\u0103cute propunerile din partea PNL.<\/p>\n<p data-index=\"3\">Premierul se \u00eentoarce s\u00e2mb\u0103t\u0103 de la <a href=\"https:\/\/www.digi24.ro\/Stiri\/Digi24\/Sport\/Stiri\/Ceremonie+Jocurile+Olimpice+Iarna+Soci+2014+Date+cifre+Olimpiada\" target=\"_blank\" data-skip-linkfix=\"1\" rel=\"noopener\">Soci<\/a>.<\/p>\n<p data-index=\"4\">Biroul de pres\u0103 al Guvernului nu a comunicat nici ieri, nici ast\u0103zi p\u00e2n\u0103 la ora 13.30 care este programul oficial al premierului. Jurnali\u0219tii au aflat ulterior c\u0103 premierul a ajuns deja la Soci.<\/p>\n<p data-index=\"5\">Premierul a mai lipsit din \u021bar\u0103 \u00een momente-cheie. \u00cen \u201emar\u021bea neagr\u0103\u201d, c\u00e2nd <a href=\"https:\/\/www.digi24.ro\/Stiri\/Digi24\/Actualitate\/Politica\/Modificarea+Codului+penal+Cum+explica+purtatorul+de+cuvant+al+Gu\" target=\"_blank\" data-skip-linkfix=\"1\" rel=\"noopener\">parlamentarii au adus amendamente noului Cod penal<\/a>, premierul era la funeraliile lui Nelson Mandela.\u00a0<\/p>\n<p data-index=\"6\">\u00cen ianuarie, c\u00e2nd Victoria Nuland a venit la Bucure\u015fti pentru a cere explica\u0163\u00edi oficialilor rom\u00e2ni cu privire la statul de drept \u0219i independen\u021ba Justi\u021bei, premierul a plecat din \u0163ar\u0103 chiar \u00een ajun, iar oficialii<a href=\"https:\/\/www.digi24.ro\/Stiri\/Digi24\/Actualitate\/Politica\/Ministri+incurcati+in+explicatii+Liviu+Dragnea+Victor+Ponta+e+pl\" target=\"_blank\" data-skip-linkfix=\"1\" rel=\"noopener\"> s-au \u00eencurcat \u00een declara\u021bii cu privire la programul lui Victor Ponta<\/a>.<\/p>\n<p data-index=\"7\">De asemenea, \u0219i \u00een vara lui 2013, c\u00e2nd se apropia termenul semn\u0103rii contractului de privatizare a CFR Marf\u0103, premierul a fost acuzat c\u0103 <a href=\"https:\/\/www.digi24.ro\/Stiri\/Digi24\/Actualitate\/Politica\/Guvernul+cu+premierul+in+frunte+este+in+concediu+La+datorie+a+ra\" target=\"_blank\" data-skip-linkfix=\"1\" rel=\"noopener\">a preferat s\u0103 plece \u00een vacan\u021b\u0103<\/a>.<\/p>\n<\/div>\n<p> Source URL: https:\/\/www.digi24.ro\/stiri\/actualitate\/politica\/victor-ponta-marele-absent-al-remanierii-decise-de-liberali-196881<\/p>\n","protected":false},"excerpt":{"rendered":"<p>Premierul i-a r\u0103spuns printr-un SMS reporterului Digi24 preciz\u00e2nd c\u0103 va face declara\u021bii c\u00e2nd va reveni \u00een \u021bar\u0103. Reporterul Digi24 \u00eel \u00eentrebase dac\u0103 pre\u0219edintele PNL, Crin Antonescu, i-a prezentat propunerile pentru cele patru portofolii liberale vizate de schimbarea titularilor. Premierul a r\u0103spuns c\u0103 nu comenteaz\u0103 deocamdat\u0103 acest caz. Refuzul de a comenta este un r\u0103spuns pe [&hellip;]<\/p>\n","protected":false},"author":1,"featured_media":213315,"comment_status":"open","ping_status":"","sticky":false,"template":"","format":"standard","meta":{"footnotes":""},"categories":[2],"tags":[11],"class_list":["post-213314","post","type-post","status-publish","format-standard","has-post-thumbnail","hentry","category-politics","tag-digi24"],"_links":{"self":[{"href":"https:\/\/analyse.optim.biz\/index.php?rest_route=\/wp\/v2\/posts\/213314","targetHints":{"allow":["GET"]}}],"collection":[{"href":"https:\/\/analyse.optim.biz\/index.php?rest_route=\/wp\/v2\/posts"}],"about":[{"href":"https:\/\/analyse.optim.biz\/index.php?rest_route=\/wp\/v2\/types\/post"}],"author":[{"embeddable":true,"href":"https:\/\/analyse.optim.biz\/index.php?rest_route=\/wp\/v2\/users\/1"}],"replies":[{"embeddable":true,"href":"https:\/\/analyse.optim.biz\/index.php?rest_route=%2Fwp%2Fv2%2Fcomments&post=213314"}],"version-history":[{"count":0,"href":"https:\/\/analyse.optim.biz\/index.php?rest_route=\/wp\/v2\/posts\/213314\/revisions"}],"wp:featuredmedia":[{"embeddable":true,"href":"https:\/\/analyse.optim.biz\/index.php?rest_route=\/wp\/v2\/media\/213315"}],"wp:attachment":[{"href":"https:\/\/analyse.optim.biz\/index.php?rest_route=%2Fwp%2Fv2%2Fmedia&parent=213314"}],"wp:term":[{"taxonomy":"category","embeddable":true,"href":"https:\/\/analyse.optim.biz\/index.php?rest_route=%2Fwp%2Fv2%2Fcategories&post=213314"},{"taxonomy":"post_tag","embeddable":true,"href":"https:\/\/analyse.optim.biz\/index.php?rest_route=%2Fwp%2Fv2%2Ftags&post=213314"}],"curies":[{"name":"wp","href":"https:\/\/api.w.org\/{rel}","templated":true}]}}