{"id":213289,"date":"2014-02-07T17:39:14","date_gmt":"2014-02-07T14:39:14","guid":{"rendered":"https:\/\/analyse.optim.biz\/?p=213289"},"modified":"2014-02-07T17:39:14","modified_gmt":"2014-02-07T14:39:14","slug":"remaniere-teodor-atanasiu-propus-la-ministerul-economiei-are-un-vechi-conflict-cu-t-basescu","status":"publish","type":"post","link":"https:\/\/analyse.optim.biz\/?p=213289","title":{"rendered":"Remaniere. Teodor Atanasiu, propus la Ministerul Economiei, are un vechi conflict cu T. B\u0103sescu"},"content":{"rendered":"<div class=\"entry data-app-meta data-app-meta-article\" data-embed-base-url-canonical=\"https:\/\/www.digi24.ro\/embed\/stiri\/actualitate\/politica\/remaniere-teodor-atanasiu-propus-la-ministerul-economiei-are-un-vechi-conflict-cu-t-basescu-197052\">\n<p data-index=\"1\">Imediat dup\u0103 referendumul de demitere a pre\u015fedintelui Traian B\u0103sescu din vara anului 2012, Teodor Atanasiu a fost acuzat de procurori c\u0103 \u015fi-ar fi folosit influen\u0163a pentru a frauda rezultatul votului. DNA \u00eei imputa faptul c\u0103 ar fi cump\u0103rat voturi cu bani sau alte mijloace. \u00cens\u0103 \u00een urm\u0103 cu dou\u0103 s\u0103pt\u0103m\u00e2ni, liberalul a fost scos de sub urm\u0103rire penal\u0103.<\/p>\n<p data-index=\"2\">Teodor Atanasiu are o rela\u0163ie tensionat\u0103 cu pre\u015fedintele Traian B\u0103sescu \u00eenc\u0103 din timpul guvernului condus de C\u0103lin Popescu T\u0103riceanu.<\/p>\n<p data-index=\"3\">Ministru al Ap\u0103r\u0103rii pe atunci, Teodor Atanasiu a sus\u0163inut public retragerea militarilor rom\u00e2ni din Irak. Liberalul a intrat \u00een conflict \u015fi cu Adriana S\u0103ftoiu, purt\u0103toare de cuv\u00e2nt a pre\u015fedintelui la acea dat\u0103 \u015fi s-a ales cu o pl\u00e2ngere penal\u0103 pentru abuz \u00een serviciu. Urmarea: \u00een septembrie 2006 Traian B\u0103sescu l-a suspendat din func\u0163ia de ministru.<\/p>\n<p data-index=\"4\">\u00cen compensa\u0163ie, C\u0103lin Popescu T\u0103riceanu l-a numit pe Teodor Atanasiu pre\u015fedintele la AVAS, institu\u0163ia cheie \u00een procesul de privatizare. \u00cen timpul mandatului de doi ani de la AVAS, liberalul a semnat privatizarea SC Electroputere Craoiva, preluat\u0103 de un grup arab.<\/p>\n<p data-index=\"5\">Privatizarea societ\u0103\u0163ii a fost \u00eens\u0103 un e\u015fec, pentru c\u0103 Electroputere valoreaz\u0103 \u00een prezent aproape jum\u0103tate de milion de euro, \u00een condi\u0163iile \u00een care \u00een 2007, la privatizare, avea o valoare de pia\u0163\u0103 de aproape 50 de milioane de euro.\u00a0<\/p>\n<\/div>\n<p> Source URL: https:\/\/www.digi24.ro\/stiri\/actualitate\/politica\/remaniere-teodor-atanasiu-propus-la-ministerul-economiei-are-un-vechi-conflict-cu-t-basescu-197052<\/p>\n","protected":false},"excerpt":{"rendered":"<p>Imediat dup\u0103 referendumul de demitere a pre\u015fedintelui Traian B\u0103sescu din vara anului 2012, Teodor Atanasiu a fost acuzat de procurori c\u0103 \u015fi-ar fi folosit influen\u0163a pentru a frauda rezultatul votului. DNA \u00eei imputa faptul c\u0103 ar fi cump\u0103rat voturi cu bani sau alte mijloace. \u00cens\u0103 \u00een urm\u0103 cu dou\u0103 s\u0103pt\u0103m\u00e2ni, liberalul a fost scos de [&hellip;]<\/p>\n","protected":false},"author":1,"featured_media":213290,"comment_status":"open","ping_status":"","sticky":false,"template":"","format":"standard","meta":{"footnotes":""},"categories":[2],"tags":[11],"class_list":["post-213289","post","type-post","status-publish","format-standard","has-post-thumbnail","hentry","category-politics","tag-digi24"],"_links":{"self":[{"href":"https:\/\/analyse.optim.biz\/index.php?rest_route=\/wp\/v2\/posts\/213289","targetHints":{"allow":["GET"]}}],"collection":[{"href":"https:\/\/analyse.optim.biz\/index.php?rest_route=\/wp\/v2\/posts"}],"about":[{"href":"https:\/\/analyse.optim.biz\/index.php?rest_route=\/wp\/v2\/types\/post"}],"author":[{"embeddable":true,"href":"https:\/\/analyse.optim.biz\/index.php?rest_route=\/wp\/v2\/users\/1"}],"replies":[{"embeddable":true,"href":"https:\/\/analyse.optim.biz\/index.php?rest_route=%2Fwp%2Fv2%2Fcomments&post=213289"}],"version-history":[{"count":0,"href":"https:\/\/analyse.optim.biz\/index.php?rest_route=\/wp\/v2\/posts\/213289\/revisions"}],"wp:featuredmedia":[{"embeddable":true,"href":"https:\/\/analyse.optim.biz\/index.php?rest_route=\/wp\/v2\/media\/213290"}],"wp:attachment":[{"href":"https:\/\/analyse.optim.biz\/index.php?rest_route=%2Fwp%2Fv2%2Fmedia&parent=213289"}],"wp:term":[{"taxonomy":"category","embeddable":true,"href":"https:\/\/analyse.optim.biz\/index.php?rest_route=%2Fwp%2Fv2%2Fcategories&post=213289"},{"taxonomy":"post_tag","embeddable":true,"href":"https:\/\/analyse.optim.biz\/index.php?rest_route=%2Fwp%2Fv2%2Ftags&post=213289"}],"curies":[{"name":"wp","href":"https:\/\/api.w.org\/{rel}","templated":true}]}}