{"id":213278,"date":"2014-02-07T18:21:37","date_gmt":"2014-02-07T15:21:37","guid":{"rendered":"https:\/\/analyse.optim.biz\/?p=213278"},"modified":"2014-02-07T18:21:37","modified_gmt":"2014-02-07T15:21:37","slug":"andrei-gerea-nu-a-demisionat-inca-ministrul-l-am-contactat-pe-premier-uitasem-ca-a-plecat-la-soci","status":"publish","type":"post","link":"https:\/\/analyse.optim.biz\/?p=213278","title":{"rendered":"Andrei Gerea nu a demisionat \u00eenc\u0103. Ministrul: \u201eL-am contactat pe premier, uitasem c\u0103 a plecat la Soci\u201d"},"content":{"rendered":"<div class=\"entry data-app-meta data-app-meta-article\" data-embed-base-url-canonical=\"https:\/\/www.digi24.ro\/embed\/stiri\/actualitate\/politica\/andrei-gerea-nu-a-demisionat-inca-ministrul-l-am-contactat-pe-premier-uitasem-ca-a-plecat-la-soci-197064\">\n<p data-index=\"1\">Andrei Gerea \u015fi-a prezentat, ast\u0103zi, bilan\u0163ul celor aproape patru luni \u00een care a stat la \u015fefia ministerului.<\/p>\n<p data-index=\"2\">\u201e\u00cenc\u0103 mai am de semnat alte acte. Luni, la prima or\u0103, va fi depus\u0103 (demisia, n.r.) la biroul premierului. Nu e \u00een \u021bar\u0103. L-am contactat, uitasem c\u0103 a pelcat la Soci. A r\u0103mas ca luni la prima or\u0103&#8230;ori o \u00eenregistrez \u00een seara asta. Luni, la ora 9, sunt demisionat. Important e ce mai am de f\u0103cut acum\u201d, a spus Andrei Gerea. \u00a0<\/p>\n<\/div>\n<p> Source URL: https:\/\/www.digi24.ro\/stiri\/actualitate\/politica\/andrei-gerea-nu-a-demisionat-inca-ministrul-l-am-contactat-pe-premier-uitasem-ca-a-plecat-la-soci-197064<\/p>\n","protected":false},"excerpt":{"rendered":"<p>Andrei Gerea \u015fi-a prezentat, ast\u0103zi, bilan\u0163ul celor aproape patru luni \u00een care a stat la \u015fefia ministerului. \u201e\u00cenc\u0103 mai am de semnat alte acte. Luni, la prima or\u0103, va fi depus\u0103 (demisia, n.r.) la biroul premierului. Nu e \u00een \u021bar\u0103. L-am contactat, uitasem c\u0103 a pelcat la Soci. A r\u0103mas ca luni la prima or\u0103&#8230;ori [&hellip;]<\/p>\n","protected":false},"author":1,"featured_media":213279,"comment_status":"open","ping_status":"","sticky":false,"template":"","format":"standard","meta":{"footnotes":""},"categories":[2],"tags":[11],"class_list":["post-213278","post","type-post","status-publish","format-standard","has-post-thumbnail","hentry","category-politics","tag-digi24"],"_links":{"self":[{"href":"https:\/\/analyse.optim.biz\/index.php?rest_route=\/wp\/v2\/posts\/213278","targetHints":{"allow":["GET"]}}],"collection":[{"href":"https:\/\/analyse.optim.biz\/index.php?rest_route=\/wp\/v2\/posts"}],"about":[{"href":"https:\/\/analyse.optim.biz\/index.php?rest_route=\/wp\/v2\/types\/post"}],"author":[{"embeddable":true,"href":"https:\/\/analyse.optim.biz\/index.php?rest_route=\/wp\/v2\/users\/1"}],"replies":[{"embeddable":true,"href":"https:\/\/analyse.optim.biz\/index.php?rest_route=%2Fwp%2Fv2%2Fcomments&post=213278"}],"version-history":[{"count":0,"href":"https:\/\/analyse.optim.biz\/index.php?rest_route=\/wp\/v2\/posts\/213278\/revisions"}],"wp:featuredmedia":[{"embeddable":true,"href":"https:\/\/analyse.optim.biz\/index.php?rest_route=\/wp\/v2\/media\/213279"}],"wp:attachment":[{"href":"https:\/\/analyse.optim.biz\/index.php?rest_route=%2Fwp%2Fv2%2Fmedia&parent=213278"}],"wp:term":[{"taxonomy":"category","embeddable":true,"href":"https:\/\/analyse.optim.biz\/index.php?rest_route=%2Fwp%2Fv2%2Fcategories&post=213278"},{"taxonomy":"post_tag","embeddable":true,"href":"https:\/\/analyse.optim.biz\/index.php?rest_route=%2Fwp%2Fv2%2Ftags&post=213278"}],"curies":[{"name":"wp","href":"https:\/\/api.w.org\/{rel}","templated":true}]}}