{"id":213041,"date":"2014-02-09T14:39:06","date_gmt":"2014-02-09T11:39:06","guid":{"rendered":"https:\/\/analyse.optim.biz\/?p=213041"},"modified":"2014-02-09T14:39:06","modified_gmt":"2014-02-09T11:39:06","slug":"vasile-blaga-la-digi24-emil-boc-s-a-inscris-mai-degraba-intr-o-fundatura-nu-intr-o-fundatie","status":"publish","type":"post","link":"https:\/\/analyse.optim.biz\/?p=213041","title":{"rendered":"Vasile Blaga, la Digi24: Emil Boc s-a \u00eenscris mai degrab\u0103 \u00eentr-o fund\u0103tur\u0103, nu \u00eentr-o funda\u021bie"},"content":{"rendered":"<div class=\"entry data-app-meta data-app-meta-article\" data-embed-base-url-canonical=\"https:\/\/www.digi24.ro\/embed\/stiri\/actualitate\/politica\/vasile-blaga-la-digi24-emil-boc-s-a-inscris-mai-degraba-intr-o-fundatura-nu-intr-o-fundatie-197426\">\n<p data-index=\"1\">\u201eDl. <a href=\"https:\/\/www.digi24.ro\/Stiri\/Digi24\/Actualitate\/Politica\/Emil+Boc+a+anuntat+ca+se+inscrie+in+Fundatia+Miscarea+Populara\" target=\"_blank\" data-skip-linkfix=\"1\" rel=\"noopener\">pre\u0219edinte Boc s-a \u00eenscris \u00eentr-o mi\u0219care<\/a>. C\u00e2t de popular\u0103 este ea, aprecia\u021bi dumneavoastr\u0103\u201d, a spus Vasile Blaga la Digi24, men\u021bion\u00e2nd, \u00een context, c\u0103 la <a href=\"https:\/\/www.digi24.ro\/Stiri\/Digi24\/Actualitate\/Politica\/VIDEO+Cum+a+fost+la+mitingul+PDL+din+Capitala\" target=\"_blank\" data-skip-linkfix=\"1\" rel=\"noopener\">mitingul PDL de ieri<\/a> din Capital\u0103 au participat 15.000 de persoane, \u201eadev\u0103ra\u021bii PDL-i\u0219ti\u201d.<\/p>\n<p data-index=\"2\"><strong>Vasile Blaga<\/strong> a precizat c\u0103 <strong>a aflat de la televizor<\/strong> despre aceast\u0103 decizie a lui Emil Boc \u0219i nu au avut anterior discu\u021bii pe aceast\u0103 tem\u0103.\u00a0<\/p>\n<p data-index=\"3\">Totu\u0219i, pre\u0219edintele PDL a recunoscut c\u0103 nu sunt incompatibilit\u0103\u021bi \u00eentre a fi membru PDL \u0219i primar din partea PDL, pe de o parte, \u0219i a face parte dintr-o funda\u021bie, pe de alt\u0103 parte, ar\u0103t\u00e2nd c\u0103 \u0219i primarul Aradului,<strong> Gheorghe Falc\u0103<\/strong>, este de anul trecut \u00eenscris \u00een Funda\u021bia Mi\u0219carea Popular\u0103.<\/p>\n<p data-index=\"4\">\u00centrebat dac\u0103 Emil Boc ar putea fi exclus din PDL, Vasile Blaga a subliniat c\u0103 nu a fost niciodat\u0103 adeptul excluderilor, \u00een afara unor situa\u021bii extreme. \u00a0Liderul PDL a cerut s\u0103 nu i se dea gestului lui Emil Boc o importan\u021b\u0103 mai mare dec\u00e2t o are. \u201e\u00cel prive\u0219te!\u201d a spus Vasile Blaga, dar a admis c\u0103 aceste aspecte vor fi luate \u00een discu\u021bie \u00een forurile de conducere ale partidului.<\/p>\n<\/div>\n<p> Source URL: https:\/\/www.digi24.ro\/stiri\/actualitate\/politica\/vasile-blaga-la-digi24-emil-boc-s-a-inscris-mai-degraba-intr-o-fundatura-nu-intr-o-fundatie-197426<\/p>\n","protected":false},"excerpt":{"rendered":"<p>\u201eDl. pre\u0219edinte Boc s-a \u00eenscris \u00eentr-o mi\u0219care. C\u00e2t de popular\u0103 este ea, aprecia\u021bi dumneavoastr\u0103\u201d, a spus Vasile Blaga la Digi24, men\u021bion\u00e2nd, \u00een context, c\u0103 la mitingul PDL de ieri din Capital\u0103 au participat 15.000 de persoane, \u201eadev\u0103ra\u021bii PDL-i\u0219ti\u201d. Vasile Blaga a precizat c\u0103 a aflat de la televizor despre aceast\u0103 decizie a lui Emil Boc [&hellip;]<\/p>\n","protected":false},"author":1,"featured_media":213042,"comment_status":"open","ping_status":"","sticky":false,"template":"","format":"standard","meta":{"footnotes":""},"categories":[2],"tags":[11],"class_list":["post-213041","post","type-post","status-publish","format-standard","has-post-thumbnail","hentry","category-politics","tag-digi24"],"_links":{"self":[{"href":"https:\/\/analyse.optim.biz\/index.php?rest_route=\/wp\/v2\/posts\/213041","targetHints":{"allow":["GET"]}}],"collection":[{"href":"https:\/\/analyse.optim.biz\/index.php?rest_route=\/wp\/v2\/posts"}],"about":[{"href":"https:\/\/analyse.optim.biz\/index.php?rest_route=\/wp\/v2\/types\/post"}],"author":[{"embeddable":true,"href":"https:\/\/analyse.optim.biz\/index.php?rest_route=\/wp\/v2\/users\/1"}],"replies":[{"embeddable":true,"href":"https:\/\/analyse.optim.biz\/index.php?rest_route=%2Fwp%2Fv2%2Fcomments&post=213041"}],"version-history":[{"count":0,"href":"https:\/\/analyse.optim.biz\/index.php?rest_route=\/wp\/v2\/posts\/213041\/revisions"}],"wp:featuredmedia":[{"embeddable":true,"href":"https:\/\/analyse.optim.biz\/index.php?rest_route=\/wp\/v2\/media\/213042"}],"wp:attachment":[{"href":"https:\/\/analyse.optim.biz\/index.php?rest_route=%2Fwp%2Fv2%2Fmedia&parent=213041"}],"wp:term":[{"taxonomy":"category","embeddable":true,"href":"https:\/\/analyse.optim.biz\/index.php?rest_route=%2Fwp%2Fv2%2Fcategories&post=213041"},{"taxonomy":"post_tag","embeddable":true,"href":"https:\/\/analyse.optim.biz\/index.php?rest_route=%2Fwp%2Fv2%2Ftags&post=213041"}],"curies":[{"name":"wp","href":"https:\/\/api.w.org\/{rel}","templated":true}]}}